{"id":28997,"date":"2026-09-01T17:26:46","date_gmt":"2026-09-01T22:26:46","guid":{"rendered":"https:\/\/zaracaytv.com\/?p=28997"},"modified":"2026-09-01T17:26:46","modified_gmt":"2026-09-01T22:26:46","slug":"jornadas-de-capacitacion-para-reducir-la-siniestralidad","status":"publish","type":"post","link":"https:\/\/zaracaytv.com\/?p=28997","title":{"rendered":"JORNADAS DE CAPACITACI\u00d3N PARA REDUCIR LA SINIESTRALIDAD"},"content":{"rendered":"<p><img decoding=\"async\" class=\" wp-image-29002 alignleft\" src=\"https:\/\/zaracaytv.com\/wp-content\/uploads\/2026\/09\/dfdfd-300x116.png\" alt=\"\" width=\"321\" height=\"124\" srcset=\"https:\/\/zaracaytv.com\/wp-content\/uploads\/2026\/09\/dfdfd-300x116.png 300w, https:\/\/zaracaytv.com\/wp-content\/uploads\/2026\/09\/dfdfd-1024x396.png 1024w, https:\/\/zaracaytv.com\/wp-content\/uploads\/2026\/09\/dfdfd-768x297.png 768w, https:\/\/zaracaytv.com\/wp-content\/uploads\/2026\/09\/dfdfd-570x220.png 570w, https:\/\/zaracaytv.com\/wp-content\/uploads\/2026\/09\/dfdfd-270x104.png 270w, https:\/\/zaracaytv.com\/wp-content\/uploads\/2026\/09\/dfdfd.png 1273w\" sizes=\"(max-width: 321px) 100vw, 321px\" \/>La seguridad vial ser\u00e1 uno de los temas prioritarios durante septiembre en Santo Domingo de los Ts\u00e1chilas. En la Mesa Provincial de Seguridad Vial se definieron varias acciones para fortalecer la prevenci\u00f3n y reducir los riesgos que enfrentan diariamente conductores, pasajeros, motociclistas y peatones, inform\u00f3 H\u00e9ctor Rebelo, director provincial de la Agencia Nacional de Tr\u00e1nsito. Entre las primeras actividades consta la ejecuci\u00f3n de la Fase 1 de la Campa\u00f1a de Seguridad Vial, acompa\u00f1ada de jornadas de capacitaci\u00f3n dirigidas a distintos sectores.<\/p>\n<p>La Comisi\u00f3n de Tr\u00e1nsito del Ecuador desarrollar\u00e1 capacitaciones para conductores de transporte pesado e interprovincial, mientras que la Empresa P\u00fablica Municipal de Transporte enfocar\u00e1 sus cursos en taxistas, conductores de buses urbanos y choferes de instituciones p\u00fablicas, explic\u00f3 C\u00e9sar Freire, subdirector de Seguridad y Educaci\u00f3n Vial de la entidad.<\/p>\n<p>La propuesta tambi\u00e9n busca conocer la percepci\u00f3n de los j\u00f3venes sobre la problem\u00e1tica de los accidentes de tr\u00e1nsito. Para ello, se aplicar\u00e1 una encuesta a trav\u00e9s del programa J\u00f3venes en Acci\u00f3n, con preguntas relacionadas con los principales riesgos en las v\u00edas y las conductas que consideran necesario cambiar, puntualiz\u00f3 el director provincial de la ANT.<\/p>\n<p>Las autoridades hicieron un llamado a la ciudadan\u00eda a tomar conciencia y evitar los excesos de velocidad, con el objetivo de reducir la cantidad de siniestros de tr\u00e1nsito en la provincia.<\/p>\n<p>En una provincia atravesada por importantes v\u00edas nacionales y con un constante movimiento de transporte, la seguridad vial contin\u00faa siendo un desaf\u00edo. Las autoridades esperan que las acciones previstas para septiembre no se limiten a campa\u00f1as y capacitaciones, sino que generen informaci\u00f3n y propuestas que contribuyan a prevenir accidentes y hacer de las calles y carreteras de Santo Domingo espacios m\u00e1s seguros.<\/p>\n","protected":false},"excerpt":{"rendered":"<p>La seguridad vial ser\u00e1 uno de los temas prioritarios durante septiembre en Santo Domingo de los Ts\u00e1chilas. En la Mesa Provincial de Seguridad Vial se definieron varias acciones para fortalecer la prevenci\u00f3n y reducir los riesgos que enfrentan diariamente conductores, pasajeros, motociclistas y peatones, inform\u00f3 H\u00e9ctor Rebelo, director provincial de la Agencia Nacional de Tr\u00e1nsito. [&hellip;]<\/p>\n","protected":false},"author":7,"featured_media":29002,"comment_status":"closed","ping_status":"closed","sticky":false,"template":"","format":"standard","meta":{"om_disable_all_campaigns":false,"_joinchat":[],"footnotes":""},"categories":[31],"tags":[],"class_list":["post-28997","post","type-post","status-publish","format-standard","has-post-thumbnail","hentry","category-la-region"],"_links":{"self":[{"href":"https:\/\/zaracaytv.com\/index.php?rest_route=\/wp\/v2\/posts\/28997","targetHints":{"allow":["GET"]}}],"collection":[{"href":"https:\/\/zaracaytv.com\/index.php?rest_route=\/wp\/v2\/posts"}],"about":[{"href":"https:\/\/zaracaytv.com\/index.php?rest_route=\/wp\/v2\/types\/post"}],"author":[{"embeddable":true,"href":"https:\/\/zaracaytv.com\/index.php?rest_route=\/wp\/v2\/users\/7"}],"replies":[{"embeddable":true,"href":"https:\/\/zaracaytv.com\/index.php?rest_route=%2Fwp%2Fv2%2Fcomments&post=28997"}],"version-history":[{"count":1,"href":"https:\/\/zaracaytv.com\/index.php?rest_route=\/wp\/v2\/posts\/28997\/revisions"}],"predecessor-version":[{"id":29003,"href":"https:\/\/zaracaytv.com\/index.php?rest_route=\/wp\/v2\/posts\/28997\/revisions\/29003"}],"wp:featuredmedia":[{"embeddable":true,"href":"https:\/\/zaracaytv.com\/index.php?rest_route=\/wp\/v2\/media\/29002"}],"wp:attachment":[{"href":"https:\/\/zaracaytv.com\/index.php?rest_route=%2Fwp%2Fv2%2Fmedia&parent=28997"}],"wp:term":[{"taxonomy":"category","embeddable":true,"href":"https:\/\/zaracaytv.com\/index.php?rest_route=%2Fwp%2Fv2%2Fcategories&post=28997"},{"taxonomy":"post_tag","embeddable":true,"href":"https:\/\/zaracaytv.com\/index.php?rest_route=%2Fwp%2Fv2%2Ftags&post=28997"}],"curies":[{"name":"wp","href":"https:\/\/api.w.org\/{rel}","templated":true}]}}