{"id":28981,"date":"2026-08-31T14:41:03","date_gmt":"2026-08-31T19:41:03","guid":{"rendered":"https:\/\/zaracaytv.com\/?p=28981"},"modified":"2026-08-31T14:41:03","modified_gmt":"2026-08-31T19:41:03","slug":"plantean-agenda-con-acciones-en-seguridad-y-derechos-para-las-mujeres","status":"publish","type":"post","link":"https:\/\/zaracaytv.com\/?p=28981","title":{"rendered":"PLANTEAN AGENDA CON ACCIONES EN SEGURIDAD Y DERECHOS PARA LAS MUJERES"},"content":{"rendered":"<p><img decoding=\"async\" class=\"size-medium wp-image-28986 alignleft\" src=\"https:\/\/zaracaytv.com\/wp-content\/uploads\/2026\/08\/sasasasa-300x119.png\" alt=\"\" width=\"300\" height=\"119\" srcset=\"https:\/\/zaracaytv.com\/wp-content\/uploads\/2026\/08\/sasasasa-300x119.png 300w, https:\/\/zaracaytv.com\/wp-content\/uploads\/2026\/08\/sasasasa-1024x405.png 1024w, https:\/\/zaracaytv.com\/wp-content\/uploads\/2026\/08\/sasasasa-768x304.png 768w, https:\/\/zaracaytv.com\/wp-content\/uploads\/2026\/08\/sasasasa-570x226.png 570w, https:\/\/zaracaytv.com\/wp-content\/uploads\/2026\/08\/sasasasa-270x107.png 270w, https:\/\/zaracaytv.com\/wp-content\/uploads\/2026\/08\/sasasasa.png 1188w\" sizes=\"(max-width: 300px) 100vw, 300px\" \/>Una agenda de trabajo enfocada en las necesidades de las mujeres de Santo Domingo fue planteada como parte de un compromiso para atender temas que, seg\u00fan sus promotoras, a\u00fan permanecen pendientes. La propuesta contempla acciones relacionadas con derechos, seguridad, autonom\u00eda econ\u00f3mica, educaci\u00f3n, cultura, deporte y bienestar comunitario.<\/p>\n<p>Entre los principales planteamientos consta la creaci\u00f3n de un centro municipal de cuidado infantil denominado \u201cUchi Centro\u201d, adem\u00e1s de una maternidad municipal que permita acercar servicios de atenci\u00f3n a madres y sus familias. Estas propuestas buscan fortalecer la atenci\u00f3n p\u00fablica en \u00e1reas consideradas prioritarias para las mujeres y la infancia.<\/p>\n<p>La agenda tambi\u00e9n incluye medidas para generar fuentes de empleo y promover emprendimientos mediante proyectos comunitarios y familiares, capacitaci\u00f3n y un banco de empleo. A esto se suma la propuesta de exonerar durante un a\u00f1o el pago de patentes y tasas municipales a peque\u00f1os y medianos emprendimientos liderados por mujeres y j\u00f3venes. Tambi\u00e9n se abord\u00f3 la brecha en el acceso a la justicia y otros derechos en la zona rural.<\/p>\n<p>Durante la jornada se realiz\u00f3 adem\u00e1s la firma de un compromiso de trabajo, con la participaci\u00f3n de colectivos, organizaciones y liderazgos de mujeres, quienes respaldaron las propuestas planteadas.<\/p>\n<p>El objetivo es mantener estas necesidades en la agenda p\u00fablica y avanzar en respuestas concretas a temas que, de acuerdo con las participantes, no han recibido suficiente atenci\u00f3n y todav\u00eda mantienen varios casos pendientes en el cant\u00f3n.<\/p>\n","protected":false},"excerpt":{"rendered":"<p>Una agenda de trabajo enfocada en las necesidades de las mujeres de Santo Domingo fue planteada como parte de un compromiso para atender temas que, seg\u00fan sus promotoras, a\u00fan permanecen pendientes. La propuesta contempla acciones relacionadas con derechos, seguridad, autonom\u00eda econ\u00f3mica, educaci\u00f3n, cultura, deporte y bienestar comunitario. Entre los principales planteamientos consta la creaci\u00f3n de [&hellip;]<\/p>\n","protected":false},"author":7,"featured_media":28986,"comment_status":"closed","ping_status":"closed","sticky":false,"template":"","format":"standard","meta":{"om_disable_all_campaigns":false,"_joinchat":[],"footnotes":""},"categories":[31],"tags":[],"class_list":["post-28981","post","type-post","status-publish","format-standard","has-post-thumbnail","hentry","category-la-region"],"_links":{"self":[{"href":"https:\/\/zaracaytv.com\/index.php?rest_route=\/wp\/v2\/posts\/28981","targetHints":{"allow":["GET"]}}],"collection":[{"href":"https:\/\/zaracaytv.com\/index.php?rest_route=\/wp\/v2\/posts"}],"about":[{"href":"https:\/\/zaracaytv.com\/index.php?rest_route=\/wp\/v2\/types\/post"}],"author":[{"embeddable":true,"href":"https:\/\/zaracaytv.com\/index.php?rest_route=\/wp\/v2\/users\/7"}],"replies":[{"embeddable":true,"href":"https:\/\/zaracaytv.com\/index.php?rest_route=%2Fwp%2Fv2%2Fcomments&post=28981"}],"version-history":[{"count":1,"href":"https:\/\/zaracaytv.com\/index.php?rest_route=\/wp\/v2\/posts\/28981\/revisions"}],"predecessor-version":[{"id":28987,"href":"https:\/\/zaracaytv.com\/index.php?rest_route=\/wp\/v2\/posts\/28981\/revisions\/28987"}],"wp:featuredmedia":[{"embeddable":true,"href":"https:\/\/zaracaytv.com\/index.php?rest_route=\/wp\/v2\/media\/28986"}],"wp:attachment":[{"href":"https:\/\/zaracaytv.com\/index.php?rest_route=%2Fwp%2Fv2%2Fmedia&parent=28981"}],"wp:term":[{"taxonomy":"category","embeddable":true,"href":"https:\/\/zaracaytv.com\/index.php?rest_route=%2Fwp%2Fv2%2Fcategories&post=28981"},{"taxonomy":"post_tag","embeddable":true,"href":"https:\/\/zaracaytv.com\/index.php?rest_route=%2Fwp%2Fv2%2Ftags&post=28981"}],"curies":[{"name":"wp","href":"https:\/\/api.w.org\/{rel}","templated":true}]}}