{"id":26837,"date":"2026-04-29T18:16:32","date_gmt":"2026-04-29T23:16:32","guid":{"rendered":"https:\/\/zaracaytv.com\/?p=26837"},"modified":"2026-04-29T18:16:32","modified_gmt":"2026-04-29T23:16:32","slug":"los-comerciantes-reportan-precios-bajos-en-la-feria-de-porcinos","status":"publish","type":"post","link":"https:\/\/zaracaytv.com\/?p=26837","title":{"rendered":"LOS COMERCIANTES REPORTAN PRECIOS BAJOS EN LA FERIA DE PORCINOS"},"content":{"rendered":"<body><p><\/p><img loading=\"lazy\" decoding=\"async\" class=\"size-medium wp-image-26828 alignleft\" src=\"https:\/\/zaracaytv.com\/wp-content\/uploads\/2026\/04\/CHANCHOS-300x138.png\" alt=\"\" width=\"300\" height=\"138\" loading=\"lazy\" srcset=\"https:\/\/zaracaytv.com\/wp-content\/uploads\/2026\/04\/CHANCHOS-300x138.png 300w, https:\/\/zaracaytv.com\/wp-content\/uploads\/2026\/04\/CHANCHOS-1024x470.png 1024w, https:\/\/zaracaytv.com\/wp-content\/uploads\/2026\/04\/CHANCHOS-768x353.png 768w, https:\/\/zaracaytv.com\/wp-content\/uploads\/2026\/04\/CHANCHOS-1536x705.png 1536w, https:\/\/zaracaytv.com\/wp-content\/uploads\/2026\/04\/CHANCHOS-570x262.png 570w, https:\/\/zaracaytv.com\/wp-content\/uploads\/2026\/04\/CHANCHOS-270x124.png 270w, https:\/\/zaracaytv.com\/wp-content\/uploads\/2026\/04\/CHANCHOS.png 1817w\" sizes=\"auto, (max-width: 300px) 100vw, 300px\" \/>En la feria de porcinos que se desarrolla en la Asociaci\u00f3n de Ganaderos de Santo Domingo, los comerciantes discuten sobre la fluctuaci\u00f3n en los precios del cerdo en pie. Algunos se\u00f1alan que el valor sigue siendo bajo, lo que los mantiene en p\u00e9rdidas.\n<p>Hace unas semanas, el precio por libra del cerdo en pie generaba preocupaci\u00f3n entre los porcicultores, pues apenas llegaba a 70 centavos. Sin embargo, en los \u00faltimos d\u00edas ha mostrado cierta recuperaci\u00f3n, y algunos consideran que ya se encuentra estable.<\/p>\n<p>Los administradores de criadores de esta prote\u00edna recorren las ferias con el objetivo de analizar las oportunidades de venta.<\/p>\n<p>Alfredo Calazac\u00f3n, con la intenci\u00f3n de adquirir un cerdo a un precio accesible, acudi\u00f3 a esta feria comercial, pero se llev\u00f3 una decepci\u00f3n al encontrar un costo que superaba sus expectativas.<\/p>\n<p>Quienes desarrollan sus actividades en esta feria se mantienen atentos para ver si los precios logran estabilizarse o incluso subir, teniendo en cuenta factores del contexto nacional como el feriado por el D\u00eda del Trabajador, el toque de queda y el retorno a clases.<\/p>\n<\/body>","protected":false},"excerpt":{"rendered":"<p>En la feria de porcinos que se desarrolla en la Asociaci\u00f3n de Ganaderos de Santo Domingo, los comerciantes discuten sobre la fluctuaci\u00f3n en los precios del cerdo en pie. Algunos se\u00f1alan que el valor sigue siendo bajo, lo que los mantiene en p\u00e9rdidas. Hace unas semanas, el precio por libra del cerdo en pie generaba [&hellip;]<\/p>\n","protected":false},"author":7,"featured_media":26828,"comment_status":"closed","ping_status":"closed","sticky":false,"template":"","format":"standard","meta":{"om_disable_all_campaigns":false,"_joinchat":[],"footnotes":""},"categories":[31],"tags":[],"class_list":["post-26837","post","type-post","status-publish","format-standard","has-post-thumbnail","hentry","category-la-region"],"_links":{"self":[{"href":"https:\/\/zaracaytv.com\/index.php?rest_route=\/wp\/v2\/posts\/26837","targetHints":{"allow":["GET"]}}],"collection":[{"href":"https:\/\/zaracaytv.com\/index.php?rest_route=\/wp\/v2\/posts"}],"about":[{"href":"https:\/\/zaracaytv.com\/index.php?rest_route=\/wp\/v2\/types\/post"}],"author":[{"embeddable":true,"href":"https:\/\/zaracaytv.com\/index.php?rest_route=\/wp\/v2\/users\/7"}],"replies":[{"embeddable":true,"href":"https:\/\/zaracaytv.com\/index.php?rest_route=%2Fwp%2Fv2%2Fcomments&post=26837"}],"version-history":[{"count":1,"href":"https:\/\/zaracaytv.com\/index.php?rest_route=\/wp\/v2\/posts\/26837\/revisions"}],"predecessor-version":[{"id":26838,"href":"https:\/\/zaracaytv.com\/index.php?rest_route=\/wp\/v2\/posts\/26837\/revisions\/26838"}],"wp:featuredmedia":[{"embeddable":true,"href":"https:\/\/zaracaytv.com\/index.php?rest_route=\/wp\/v2\/media\/26828"}],"wp:attachment":[{"href":"https:\/\/zaracaytv.com\/index.php?rest_route=%2Fwp%2Fv2%2Fmedia&parent=26837"}],"wp:term":[{"taxonomy":"category","embeddable":true,"href":"https:\/\/zaracaytv.com\/index.php?rest_route=%2Fwp%2Fv2%2Fcategories&post=26837"},{"taxonomy":"post_tag","embeddable":true,"href":"https:\/\/zaracaytv.com\/index.php?rest_route=%2Fwp%2Fv2%2Ftags&post=26837"}],"curies":[{"name":"wp","href":"https:\/\/api.w.org\/{rel}","templated":true}]}}