{"id":26835,"date":"2026-04-29T18:15:53","date_gmt":"2026-04-29T23:15:53","guid":{"rendered":"https:\/\/zaracaytv.com\/?p=26835"},"modified":"2026-04-29T18:15:53","modified_gmt":"2026-04-29T23:15:53","slug":"las-madres-de-familia-denuncian-el-mal-estado-del-paralelo","status":"publish","type":"post","link":"https:\/\/zaracaytv.com\/?p=26835","title":{"rendered":"LAS MADRES DE FAMILIA DENUNCIAN EL MAL ESTADO DEL PARALELO"},"content":{"rendered":"<body><p><\/p><img loading=\"lazy\" decoding=\"async\" class=\"size-medium wp-image-26826 alignleft\" src=\"https:\/\/zaracaytv.com\/wp-content\/uploads\/2026\/04\/AULAXX-300x142.png\" alt=\"\" width=\"300\" height=\"142\" loading=\"lazy\" srcset=\"https:\/\/zaracaytv.com\/wp-content\/uploads\/2026\/04\/AULAXX-300x142.png 300w, https:\/\/zaracaytv.com\/wp-content\/uploads\/2026\/04\/AULAXX-1024x483.png 1024w, https:\/\/zaracaytv.com\/wp-content\/uploads\/2026\/04\/AULAXX-768x362.png 768w, https:\/\/zaracaytv.com\/wp-content\/uploads\/2026\/04\/AULAXX-1536x725.png 1536w, https:\/\/zaracaytv.com\/wp-content\/uploads\/2026\/04\/AULAXX-570x269.png 570w, https:\/\/zaracaytv.com\/wp-content\/uploads\/2026\/04\/AULAXX-270x127.png 270w, https:\/\/zaracaytv.com\/wp-content\/uploads\/2026\/04\/AULAXX.png 1738w\" sizes=\"auto, (max-width: 300px) 100vw, 300px\" \/>Madres de familia del quinto a\u00f1o de educaci\u00f3n b\u00e1sica de una reconocida unidad educativa de Santo Domingo denunciaron el mal estado del aula asignada para el periodo lectivo 2026-2027, donde deber\u00e1n recibir clases 35 estudiantes, a pocos d\u00edas del inicio de actividades escolares. Las representantes se\u00f1alaron que en el sal\u00f3n se desprende la pintura de las paredes, existe presencia de moho y se registran filtraciones de agua, condiciones que consideran ponen en riesgo la salud y seguridad de los menores.\n<p>Adem\u00e1s, manifestaron su preocupaci\u00f3n porque el paralelo se encuentra ubicado en un tercer piso, lo que, a su criterio, podr\u00eda complicar una evacuaci\u00f3n en caso de presentarse alguna emergencia y exponer a los ni\u00f1os a posibles accidentes.<\/p>\n<p>Frente a esta situaci\u00f3n, las madres indicaron que presentaron la denuncia correspondiente en la Direcci\u00f3n Distrital de Educaci\u00f3n, con el objetivo de que quede constancia del problema y se adopten correctivos inmediatos.<\/p>\n<p>Hasta la instituci\u00f3n acudi\u00f3 la directora Distrital de Educaci\u00f3n para dialogar con las representantes. Sin embargo, luego de conocer las observaciones, se dispuso que los estudiantes contin\u00faen recibiendo clases en la misma aula, la cual, seg\u00fan denunciaron, ha sido intervenida por las propias madres de familia para mejorar sus condiciones. Tambi\u00e9n se reportaron quejas relacionadas con supuestos cobros de dinero para adecuar los paralelos dentro del plantel, situaci\u00f3n que increment\u00f3 el malestar entre los padres de familia en v\u00edsperas del nuevo a\u00f1o lectivo.<\/p>\n<\/body>","protected":false},"excerpt":{"rendered":"<p>Madres de familia del quinto a\u00f1o de educaci\u00f3n b\u00e1sica de una reconocida unidad educativa de Santo Domingo denunciaron el mal estado del aula asignada para el periodo lectivo 2026-2027, donde deber\u00e1n recibir clases 35 estudiantes, a pocos d\u00edas del inicio de actividades escolares. Las representantes se\u00f1alaron que en el sal\u00f3n se desprende la pintura de [&hellip;]<\/p>\n","protected":false},"author":7,"featured_media":26826,"comment_status":"closed","ping_status":"closed","sticky":false,"template":"","format":"standard","meta":{"om_disable_all_campaigns":false,"_joinchat":[],"footnotes":""},"categories":[31],"tags":[],"class_list":["post-26835","post","type-post","status-publish","format-standard","has-post-thumbnail","hentry","category-la-region"],"_links":{"self":[{"href":"https:\/\/zaracaytv.com\/index.php?rest_route=\/wp\/v2\/posts\/26835","targetHints":{"allow":["GET"]}}],"collection":[{"href":"https:\/\/zaracaytv.com\/index.php?rest_route=\/wp\/v2\/posts"}],"about":[{"href":"https:\/\/zaracaytv.com\/index.php?rest_route=\/wp\/v2\/types\/post"}],"author":[{"embeddable":true,"href":"https:\/\/zaracaytv.com\/index.php?rest_route=\/wp\/v2\/users\/7"}],"replies":[{"embeddable":true,"href":"https:\/\/zaracaytv.com\/index.php?rest_route=%2Fwp%2Fv2%2Fcomments&post=26835"}],"version-history":[{"count":1,"href":"https:\/\/zaracaytv.com\/index.php?rest_route=\/wp\/v2\/posts\/26835\/revisions"}],"predecessor-version":[{"id":26836,"href":"https:\/\/zaracaytv.com\/index.php?rest_route=\/wp\/v2\/posts\/26835\/revisions\/26836"}],"wp:featuredmedia":[{"embeddable":true,"href":"https:\/\/zaracaytv.com\/index.php?rest_route=\/wp\/v2\/media\/26826"}],"wp:attachment":[{"href":"https:\/\/zaracaytv.com\/index.php?rest_route=%2Fwp%2Fv2%2Fmedia&parent=26835"}],"wp:term":[{"taxonomy":"category","embeddable":true,"href":"https:\/\/zaracaytv.com\/index.php?rest_route=%2Fwp%2Fv2%2Fcategories&post=26835"},{"taxonomy":"post_tag","embeddable":true,"href":"https:\/\/zaracaytv.com\/index.php?rest_route=%2Fwp%2Fv2%2Ftags&post=26835"}],"curies":[{"name":"wp","href":"https:\/\/api.w.org\/{rel}","templated":true}]}}