{"id":26831,"date":"2026-04-29T18:14:40","date_gmt":"2026-04-29T23:14:40","guid":{"rendered":"https:\/\/zaracaytv.com\/?p=26831"},"modified":"2026-04-29T18:14:40","modified_gmt":"2026-04-29T23:14:40","slug":"la-terminal-terrestre-tendra-restricciones-por-el-toque-de-queda","status":"publish","type":"post","link":"https:\/\/zaracaytv.com\/?p=26831","title":{"rendered":"LA TERMINAL TERRESTRE TENDR\u00c1 RESTRICCIONES POR EL TOQUE DE QUEDA"},"content":{"rendered":"<body><p><\/p><img loading=\"lazy\" decoding=\"async\" class=\"size-medium wp-image-26825 alignleft\" src=\"https:\/\/zaracaytv.com\/wp-content\/uploads\/2026\/04\/TERMINAL-300x142.png\" alt=\"\" width=\"300\" height=\"142\" loading=\"lazy\" srcset=\"https:\/\/zaracaytv.com\/wp-content\/uploads\/2026\/04\/TERMINAL-300x142.png 300w, https:\/\/zaracaytv.com\/wp-content\/uploads\/2026\/04\/TERMINAL-1024x485.png 1024w, https:\/\/zaracaytv.com\/wp-content\/uploads\/2026\/04\/TERMINAL-768x364.png 768w, https:\/\/zaracaytv.com\/wp-content\/uploads\/2026\/04\/TERMINAL-1536x728.png 1536w, https:\/\/zaracaytv.com\/wp-content\/uploads\/2026\/04\/TERMINAL-570x270.png 570w, https:\/\/zaracaytv.com\/wp-content\/uploads\/2026\/04\/TERMINAL-270x128.png 270w, https:\/\/zaracaytv.com\/wp-content\/uploads\/2026\/04\/TERMINAL.png 1751w\" sizes=\"auto, (max-width: 300px) 100vw, 300px\" \/>La Terminal Terrestre de Santo Domingo anunci\u00f3 que est\u00e1 preparada para operar con horarios reducidos desde el 3 de mayo, coincidiendo con la implementaci\u00f3n del toque de queda. Carlos Rivadeneira, subdirector de la entidad, detall\u00f3 que se adoptar\u00e1 un horario similar al que se utiliz\u00f3 durante la restricci\u00f3n anterior, que tuvo una duraci\u00f3n de 15 d\u00edas.\n<p>Este fin de semana tendr\u00e1 particular importancia para la terminal de buses interprovinciales, ya que se prev\u00e9 un aumento en la afluencia de pasajeros debido al feriado por el D\u00eda del Trabajador y el regreso a clases. Esto ha generado expectativas de un flujo elevado de viajeros, tal como mencion\u00f3 el funcionario.<\/p>\n<p>Los puntos de boleter\u00eda tambi\u00e9n anticipan una alta demanda.<\/p>\n<p>Por su parte, los usuarios han planteado preocupaciones sobre posibles inconvenientes al viajar y han solicitado a las autoridades permanecer vigilantes para prevenir abusos en los precios de los boletos.<\/p>\n<p>Asimismo, desde la estaci\u00f3n terrestre se ha recomendado a los pasajeros optar por desplazarse en horas del d\u00eda, evitando viajar durante la noche, dado que el toque de queda est\u00e1 establecido entre las 23:00 y las 05:00 horas.<\/p>\n<\/body>","protected":false},"excerpt":{"rendered":"<p>La Terminal Terrestre de Santo Domingo anunci\u00f3 que est\u00e1 preparada para operar con horarios reducidos desde el 3 de mayo, coincidiendo con la implementaci\u00f3n del toque de queda. Carlos Rivadeneira, subdirector de la entidad, detall\u00f3 que se adoptar\u00e1 un horario similar al que se utiliz\u00f3 durante la restricci\u00f3n anterior, que tuvo una duraci\u00f3n de 15 [&hellip;]<\/p>\n","protected":false},"author":7,"featured_media":26825,"comment_status":"closed","ping_status":"closed","sticky":false,"template":"","format":"standard","meta":{"om_disable_all_campaigns":false,"_joinchat":[],"footnotes":""},"categories":[31],"tags":[],"class_list":["post-26831","post","type-post","status-publish","format-standard","has-post-thumbnail","hentry","category-la-region"],"_links":{"self":[{"href":"https:\/\/zaracaytv.com\/index.php?rest_route=\/wp\/v2\/posts\/26831","targetHints":{"allow":["GET"]}}],"collection":[{"href":"https:\/\/zaracaytv.com\/index.php?rest_route=\/wp\/v2\/posts"}],"about":[{"href":"https:\/\/zaracaytv.com\/index.php?rest_route=\/wp\/v2\/types\/post"}],"author":[{"embeddable":true,"href":"https:\/\/zaracaytv.com\/index.php?rest_route=\/wp\/v2\/users\/7"}],"replies":[{"embeddable":true,"href":"https:\/\/zaracaytv.com\/index.php?rest_route=%2Fwp%2Fv2%2Fcomments&post=26831"}],"version-history":[{"count":1,"href":"https:\/\/zaracaytv.com\/index.php?rest_route=\/wp\/v2\/posts\/26831\/revisions"}],"predecessor-version":[{"id":26832,"href":"https:\/\/zaracaytv.com\/index.php?rest_route=\/wp\/v2\/posts\/26831\/revisions\/26832"}],"wp:featuredmedia":[{"embeddable":true,"href":"https:\/\/zaracaytv.com\/index.php?rest_route=\/wp\/v2\/media\/26825"}],"wp:attachment":[{"href":"https:\/\/zaracaytv.com\/index.php?rest_route=%2Fwp%2Fv2%2Fmedia&parent=26831"}],"wp:term":[{"taxonomy":"category","embeddable":true,"href":"https:\/\/zaracaytv.com\/index.php?rest_route=%2Fwp%2Fv2%2Fcategories&post=26831"},{"taxonomy":"post_tag","embeddable":true,"href":"https:\/\/zaracaytv.com\/index.php?rest_route=%2Fwp%2Fv2%2Ftags&post=26831"}],"curies":[{"name":"wp","href":"https:\/\/api.w.org\/{rel}","templated":true}]}}