{"id":26824,"date":"2026-04-29T18:13:49","date_gmt":"2026-04-29T23:13:49","guid":{"rendered":"https:\/\/zaracaytv.com\/?p=26824"},"modified":"2026-04-29T18:13:49","modified_gmt":"2026-04-29T23:13:49","slug":"algunos-transportistas-afirman-que-no-tomaran-rutas-alternas","status":"publish","type":"post","link":"https:\/\/zaracaytv.com\/?p=26824","title":{"rendered":"ALGUNOS TRANSPORTISTAS AFIRMAN QUE NO TOMAR\u00c1N RUTAS ALTERNAS"},"content":{"rendered":"<body><p><\/p><img loading=\"lazy\" decoding=\"async\" class=\"size-medium wp-image-26829 alignleft\" src=\"https:\/\/zaracaytv.com\/wp-content\/uploads\/2026\/04\/TRANSPORTISTAS-2-300x140.png\" alt=\"\" width=\"300\" height=\"140\" loading=\"lazy\" srcset=\"https:\/\/zaracaytv.com\/wp-content\/uploads\/2026\/04\/TRANSPORTISTAS-2-300x140.png 300w, https:\/\/zaracaytv.com\/wp-content\/uploads\/2026\/04\/TRANSPORTISTAS-2-1024x478.png 1024w, https:\/\/zaracaytv.com\/wp-content\/uploads\/2026\/04\/TRANSPORTISTAS-2-768x359.png 768w, https:\/\/zaracaytv.com\/wp-content\/uploads\/2026\/04\/TRANSPORTISTAS-2-1536x718.png 1536w, https:\/\/zaracaytv.com\/wp-content\/uploads\/2026\/04\/TRANSPORTISTAS-2-570x266.png 570w, https:\/\/zaracaytv.com\/wp-content\/uploads\/2026\/04\/TRANSPORTISTAS-2-270x126.png 270w, https:\/\/zaracaytv.com\/wp-content\/uploads\/2026\/04\/TRANSPORTISTAS-2.png 1723w\" sizes=\"auto, (max-width: 300px) 100vw, 300px\" \/>Los transportistas de carga pesada anunciaron que circular\u00e1n con normalidad por la v\u00eda Al\u00f3ag \u2013 Santo Domingo durante el pr\u00f3ximo feriado, pese al pedido del Gobierno Aut\u00f3nomo Descentralizado Provincial de Santo Domingo de los Ts\u00e1chilas de utilizar rutas alternas para reducir la congesti\u00f3n vehicular en este importante corredor vial del pa\u00eds. Los conductores explicaron que el alto costo del combustible impide tomar trayectos m\u00e1s largos, ya que representar\u00eda mayores gastos operativos. Adem\u00e1s, indicaron que desviar sus recorridos afectar\u00eda los tiempos de entrega y la rentabilidad de sus actividades comerciales.\n<p>Otro de los factores que limita el uso de rutas alternas es la inseguridad. Los transportistas se\u00f1alaron que en la v\u00eda Calacal\u00ed \u2013 La Independencia, varios operadores han sido v\u00edctimas de asaltos y secuestros, lo que genera temor entre quienes deben movilizar mercader\u00eda por ese tramo.<\/p>\n<p>A esta problem\u00e1tica se suma el deterioro de la v\u00eda Las Mercedes \u2013 Los Bancos. Los conductores aseguraron que transitar por ese acceso representa un riesgo para sus unidades, debido al mal estado de la calzada y la posibilidad de da\u00f1os mec\u00e1nicos.<\/p>\n<p>Frente a esta situaci\u00f3n, la Polic\u00eda Nacional inform\u00f3 que durante el feriado mantendr\u00e1 operativo al 100 % de su personal de tr\u00e1nsito para garantizar la movilidad en la v\u00eda Al\u00f3ag \u2013 Santo Domingo. Los controles y asistencia se concentrar\u00e1n en el tramo comprendido desde el sector del KFC hasta La Uni\u00f3n del Toachi. Por su parte, la Prefectura indic\u00f3 que mantiene listo su plan de contingencia para atender cualquier eventualidad que pudiera presentarse durante los d\u00edas de asueto.<\/p>\n<\/body>","protected":false},"excerpt":{"rendered":"<p>Los transportistas de carga pesada anunciaron que circular\u00e1n con normalidad por la v\u00eda Al\u00f3ag \u2013 Santo Domingo durante el pr\u00f3ximo feriado, pese al pedido del Gobierno Aut\u00f3nomo Descentralizado Provincial de Santo Domingo de los Ts\u00e1chilas de utilizar rutas alternas para reducir la congesti\u00f3n vehicular en este importante corredor vial del pa\u00eds. Los conductores explicaron que [&hellip;]<\/p>\n","protected":false},"author":7,"featured_media":26829,"comment_status":"closed","ping_status":"closed","sticky":false,"template":"","format":"standard","meta":{"om_disable_all_campaigns":false,"_joinchat":[],"footnotes":""},"categories":[31],"tags":[],"class_list":["post-26824","post","type-post","status-publish","format-standard","has-post-thumbnail","hentry","category-la-region"],"_links":{"self":[{"href":"https:\/\/zaracaytv.com\/index.php?rest_route=\/wp\/v2\/posts\/26824","targetHints":{"allow":["GET"]}}],"collection":[{"href":"https:\/\/zaracaytv.com\/index.php?rest_route=\/wp\/v2\/posts"}],"about":[{"href":"https:\/\/zaracaytv.com\/index.php?rest_route=\/wp\/v2\/types\/post"}],"author":[{"embeddable":true,"href":"https:\/\/zaracaytv.com\/index.php?rest_route=\/wp\/v2\/users\/7"}],"replies":[{"embeddable":true,"href":"https:\/\/zaracaytv.com\/index.php?rest_route=%2Fwp%2Fv2%2Fcomments&post=26824"}],"version-history":[{"count":1,"href":"https:\/\/zaracaytv.com\/index.php?rest_route=\/wp\/v2\/posts\/26824\/revisions"}],"predecessor-version":[{"id":26830,"href":"https:\/\/zaracaytv.com\/index.php?rest_route=\/wp\/v2\/posts\/26824\/revisions\/26830"}],"wp:featuredmedia":[{"embeddable":true,"href":"https:\/\/zaracaytv.com\/index.php?rest_route=\/wp\/v2\/media\/26829"}],"wp:attachment":[{"href":"https:\/\/zaracaytv.com\/index.php?rest_route=%2Fwp%2Fv2%2Fmedia&parent=26824"}],"wp:term":[{"taxonomy":"category","embeddable":true,"href":"https:\/\/zaracaytv.com\/index.php?rest_route=%2Fwp%2Fv2%2Fcategories&post=26824"},{"taxonomy":"post_tag","embeddable":true,"href":"https:\/\/zaracaytv.com\/index.php?rest_route=%2Fwp%2Fv2%2Ftags&post=26824"}],"curies":[{"name":"wp","href":"https:\/\/api.w.org\/{rel}","templated":true}]}}