{"id":26818,"date":"2026-04-29T16:54:33","date_gmt":"2026-04-29T21:54:33","guid":{"rendered":"https:\/\/zaracaytv.com\/?p=26818"},"modified":"2026-04-29T16:54:33","modified_gmt":"2026-04-29T21:54:33","slug":"en-la-mesa-de-dialogo-se-acordo-que-la-miniterminal-ira-dentro-de-la-plaza","status":"publish","type":"post","link":"https:\/\/zaracaytv.com\/?p=26818","title":{"rendered":"EN LA MESA DE DI\u00c1LOGO SE ACORD\u00d3 QUE LA MINITERMINAL IR\u00c1 DENTRO DE LA PLAZA"},"content":{"rendered":"<body><p><\/p><img loading=\"lazy\" decoding=\"async\" class=\"size-medium wp-image-26812 alignleft\" src=\"https:\/\/zaracaytv.com\/wp-content\/uploads\/2026\/04\/miniterminal-300x135.png\" alt=\"\" width=\"300\" height=\"135\" loading=\"lazy\" srcset=\"https:\/\/zaracaytv.com\/wp-content\/uploads\/2026\/04\/miniterminal-300x135.png 300w, https:\/\/zaracaytv.com\/wp-content\/uploads\/2026\/04\/miniterminal-1024x462.png 1024w, https:\/\/zaracaytv.com\/wp-content\/uploads\/2026\/04\/miniterminal-768x346.png 768w, https:\/\/zaracaytv.com\/wp-content\/uploads\/2026\/04\/miniterminal-570x257.png 570w, https:\/\/zaracaytv.com\/wp-content\/uploads\/2026\/04\/miniterminal-270x122.png 270w, https:\/\/zaracaytv.com\/wp-content\/uploads\/2026\/04\/miniterminal.png 1282w\" sizes=\"auto, (max-width: 300px) 100vw, 300px\" \/>Los comerciantes de la peatonal 3 de Julio y el Municipio de Santo Domingo participaron en la segunda mesa de di\u00e1logo facilitada por el juez Jos\u00e9 Luis Maldonado. Durante la reuni\u00f3n, Paulina Mogrovejo, asesora jur\u00eddica de la agrupaci\u00f3n, inform\u00f3 que se logr\u00f3 avanzar en la propuesta de habilitar una miniterminal dentro de la plaza comercial y no afuera como se hab\u00eda planteado anteriormente.\n<p>La primera mesa t\u00e9cnica tuvo lugar el 18 de abril, y en el encuentro del 25 de este mes se acord\u00f3 que la tercera convocatoria, programada para el 9 de mayo, incluir\u00e1 la presentaci\u00f3n de una maqueta y una posible propuesta concreta por parte de la empresa de transporte. No obstante, los socios expresaron su descontento, ya que afirmaron desconocer los detalles de las conversaciones, y consideran insuficiente la informaci\u00f3n proporcionada por sus dirigentes.<\/p>\n<p>Ante esta situaci\u00f3n, las bases integrantes de la Federaci\u00f3n de Comerciantes de la Peatonal 3 de Julio est\u00e1n solicitando una asamblea general con la participaci\u00f3n del alcalde Wilson Erazo. En esta reuni\u00f3n, buscan que el alcalde explique directamente los avances logrados en los di\u00e1logos.<\/p>\n<p>Por su parte, el burgomaestre manifest\u00f3 satisfacci\u00f3n con los progresos alcanzados en las mesas t\u00e9cnicas. Se\u00f1al\u00f3 que todo est\u00e1 encaminado para que la avenida 3 de Julio sea recuperada y puesta nuevamente al servicio de la comunidad.<\/p>\n<p><iframe title=\"EN LA MESA DE DI\u00c1LOGO SE ACORD\u00d3 QUE LA MINITERMINAL IR\u00c1 DENTRO DE LA PLAZA\" width=\"800\" height=\"450\" src=\"https:\/\/www.youtube.com\/embed\/3rv3qNrFTPM?feature=oembed\" frameborder=\"0\" allow=\"accelerometer; autoplay; clipboard-write; encrypted-media; gyroscope; picture-in-picture; web-share\" referrerpolicy=\"strict-origin-when-cross-origin\" allowfullscreen><\/iframe><\/p>\n<\/body>","protected":false},"excerpt":{"rendered":"<p>Los comerciantes de la peatonal 3 de Julio y el Municipio de Santo Domingo participaron en la segunda mesa de di\u00e1logo facilitada por el juez Jos\u00e9 Luis Maldonado. Durante la reuni\u00f3n, Paulina Mogrovejo, asesora jur\u00eddica de la agrupaci\u00f3n, inform\u00f3 que se logr\u00f3 avanzar en la propuesta de habilitar una miniterminal dentro de la plaza comercial [&hellip;]<\/p>\n","protected":false},"author":7,"featured_media":26812,"comment_status":"closed","ping_status":"closed","sticky":false,"template":"","format":"standard","meta":{"om_disable_all_campaigns":false,"_joinchat":[],"footnotes":""},"categories":[31],"tags":[],"class_list":["post-26818","post","type-post","status-publish","format-standard","has-post-thumbnail","hentry","category-la-region"],"_links":{"self":[{"href":"https:\/\/zaracaytv.com\/index.php?rest_route=\/wp\/v2\/posts\/26818","targetHints":{"allow":["GET"]}}],"collection":[{"href":"https:\/\/zaracaytv.com\/index.php?rest_route=\/wp\/v2\/posts"}],"about":[{"href":"https:\/\/zaracaytv.com\/index.php?rest_route=\/wp\/v2\/types\/post"}],"author":[{"embeddable":true,"href":"https:\/\/zaracaytv.com\/index.php?rest_route=\/wp\/v2\/users\/7"}],"replies":[{"embeddable":true,"href":"https:\/\/zaracaytv.com\/index.php?rest_route=%2Fwp%2Fv2%2Fcomments&post=26818"}],"version-history":[{"count":1,"href":"https:\/\/zaracaytv.com\/index.php?rest_route=\/wp\/v2\/posts\/26818\/revisions"}],"predecessor-version":[{"id":26819,"href":"https:\/\/zaracaytv.com\/index.php?rest_route=\/wp\/v2\/posts\/26818\/revisions\/26819"}],"wp:featuredmedia":[{"embeddable":true,"href":"https:\/\/zaracaytv.com\/index.php?rest_route=\/wp\/v2\/media\/26812"}],"wp:attachment":[{"href":"https:\/\/zaracaytv.com\/index.php?rest_route=%2Fwp%2Fv2%2Fmedia&parent=26818"}],"wp:term":[{"taxonomy":"category","embeddable":true,"href":"https:\/\/zaracaytv.com\/index.php?rest_route=%2Fwp%2Fv2%2Fcategories&post=26818"},{"taxonomy":"post_tag","embeddable":true,"href":"https:\/\/zaracaytv.com\/index.php?rest_route=%2Fwp%2Fv2%2Ftags&post=26818"}],"curies":[{"name":"wp","href":"https:\/\/api.w.org\/{rel}","templated":true}]}}