{"id":26816,"date":"2026-04-29T16:53:22","date_gmt":"2026-04-29T21:53:22","guid":{"rendered":"https:\/\/zaracaytv.com\/?p=26816"},"modified":"2026-04-29T16:53:22","modified_gmt":"2026-04-29T21:53:22","slug":"la-epmt-sd-dio-detalles-sobre-el-agendamiento-de-turnos","status":"publish","type":"post","link":"https:\/\/zaracaytv.com\/?p=26816","title":{"rendered":"LA EPMT-SD DIO DETALLES SOBRE EL AGENDAMIENTO DE TURNOS"},"content":{"rendered":"<body><p><\/p><img loading=\"lazy\" decoding=\"async\" class=\"size-medium wp-image-26813 alignleft\" src=\"https:\/\/zaracaytv.com\/wp-content\/uploads\/2026\/04\/inforeme-2-300x141.png\" alt=\"\" width=\"300\" height=\"141\" loading=\"lazy\" srcset=\"https:\/\/zaracaytv.com\/wp-content\/uploads\/2026\/04\/inforeme-2-300x141.png 300w, https:\/\/zaracaytv.com\/wp-content\/uploads\/2026\/04\/inforeme-2-1024x480.png 1024w, https:\/\/zaracaytv.com\/wp-content\/uploads\/2026\/04\/inforeme-2-768x360.png 768w, https:\/\/zaracaytv.com\/wp-content\/uploads\/2026\/04\/inforeme-2-570x267.png 570w, https:\/\/zaracaytv.com\/wp-content\/uploads\/2026\/04\/inforeme-2-270x127.png 270w, https:\/\/zaracaytv.com\/wp-content\/uploads\/2026\/04\/inforeme-2.png 1261w\" sizes=\"auto, (max-width: 300px) 100vw, 300px\" \/>La Empresa P\u00fablica Municipal de Transporte de Santo Domingo reiter\u00f3 este mi\u00e9rcoles 29 de abril que los usuarios cuyos veh\u00edculos corresponden al d\u00edgito 3 de la placa pueden agendar turnos para la revisi\u00f3n t\u00e9cnica vehicular hasta este jueves 30 de abril para programar citas para los pr\u00f3ximos meses dentro del calendario establecido. La medida responde a una resoluci\u00f3n que exonera de multas a quienes no lograron cumplir con el tr\u00e1mite durante abril. Rodrigo Paucar, t\u00e9cnico de tr\u00e1nsito de la entidad, explic\u00f3 que se implement\u00f3 un plan de contingencia para atender la alta demanda de usuarios, lo que oblig\u00f3 a reforzar el personal operativo y reorganizar la atenci\u00f3n.\n<p>Se\u00f1al\u00f3 que, tras un periodo de adaptaci\u00f3n, actualmente ya no se registran largas filas y el servicio se desarrolla con mayor fluidez. Sin embargo, el funcionario aclar\u00f3 que los propietarios de veh\u00edculos con placas terminadas en 1 y 2 que no realizaron la revisi\u00f3n t\u00e9cnica en abril s\u00ed recibir\u00e1n sanciones a partir de mayo, conforme al cronograma vigente.<\/p>\n<p>Con estas modificaciones, la demanda de usuarios disminuy\u00f3 significativamente en los \u00faltimos d\u00edas.<\/p>\n<p>Adem\u00e1s, desde la empresa se inform\u00f3 que mejor\u00f3 la atenci\u00f3n al p\u00fablico y se solucionaron los inconvenientes relacionados con la climatizaci\u00f3n de las instalaciones. No obstante, algunos ciudadanos manifestaron la necesidad de contar con mayor informaci\u00f3n por parte de la entidad respecto a los procedimientos y plazos.<\/p>\n<p>La instituci\u00f3n tambi\u00e9n advirti\u00f3 que el sistema de turnos disponible en su p\u00e1gina web registra una alta ocupaci\u00f3n, por lo que recomend\u00f3 a los conductores adelantar el agendamiento de citas y no esperar hasta los \u00faltimos meses del a\u00f1o, tomando en cuenta que a\u00fan existe un importante n\u00famero de tr\u00e1mites represados tras la intervenci\u00f3n en la Agencia Nacional de Tr\u00e1nsito.<\/p>\n<p><iframe title=\"LA EPMT-SD DIO DETALLES SOBRE EL AGENDAMIENTO DE TURNOS\" width=\"800\" height=\"450\" src=\"https:\/\/www.youtube.com\/embed\/1AL0cNovCzo?feature=oembed\" frameborder=\"0\" allow=\"accelerometer; autoplay; clipboard-write; encrypted-media; gyroscope; picture-in-picture; web-share\" referrerpolicy=\"strict-origin-when-cross-origin\" allowfullscreen><\/iframe><\/p>\n<\/body>","protected":false},"excerpt":{"rendered":"<p>La Empresa P\u00fablica Municipal de Transporte de Santo Domingo reiter\u00f3 este mi\u00e9rcoles 29 de abril que los usuarios cuyos veh\u00edculos corresponden al d\u00edgito 3 de la placa pueden agendar turnos para la revisi\u00f3n t\u00e9cnica vehicular hasta este jueves 30 de abril para programar citas para los pr\u00f3ximos meses dentro del calendario establecido. La medida responde [&hellip;]<\/p>\n","protected":false},"author":7,"featured_media":26813,"comment_status":"closed","ping_status":"closed","sticky":false,"template":"","format":"standard","meta":{"om_disable_all_campaigns":false,"_joinchat":[],"footnotes":""},"categories":[31],"tags":[],"class_list":["post-26816","post","type-post","status-publish","format-standard","has-post-thumbnail","hentry","category-la-region"],"_links":{"self":[{"href":"https:\/\/zaracaytv.com\/index.php?rest_route=\/wp\/v2\/posts\/26816","targetHints":{"allow":["GET"]}}],"collection":[{"href":"https:\/\/zaracaytv.com\/index.php?rest_route=\/wp\/v2\/posts"}],"about":[{"href":"https:\/\/zaracaytv.com\/index.php?rest_route=\/wp\/v2\/types\/post"}],"author":[{"embeddable":true,"href":"https:\/\/zaracaytv.com\/index.php?rest_route=\/wp\/v2\/users\/7"}],"replies":[{"embeddable":true,"href":"https:\/\/zaracaytv.com\/index.php?rest_route=%2Fwp%2Fv2%2Fcomments&post=26816"}],"version-history":[{"count":1,"href":"https:\/\/zaracaytv.com\/index.php?rest_route=\/wp\/v2\/posts\/26816\/revisions"}],"predecessor-version":[{"id":26817,"href":"https:\/\/zaracaytv.com\/index.php?rest_route=\/wp\/v2\/posts\/26816\/revisions\/26817"}],"wp:featuredmedia":[{"embeddable":true,"href":"https:\/\/zaracaytv.com\/index.php?rest_route=\/wp\/v2\/media\/26813"}],"wp:attachment":[{"href":"https:\/\/zaracaytv.com\/index.php?rest_route=%2Fwp%2Fv2%2Fmedia&parent=26816"}],"wp:term":[{"taxonomy":"category","embeddable":true,"href":"https:\/\/zaracaytv.com\/index.php?rest_route=%2Fwp%2Fv2%2Fcategories&post=26816"},{"taxonomy":"post_tag","embeddable":true,"href":"https:\/\/zaracaytv.com\/index.php?rest_route=%2Fwp%2Fv2%2Ftags&post=26816"}],"curies":[{"name":"wp","href":"https:\/\/api.w.org\/{rel}","templated":true}]}}