{"id":26807,"date":"2026-04-29T09:42:02","date_gmt":"2026-04-29T14:42:02","guid":{"rendered":"https:\/\/zaracaytv.com\/?p=26807"},"modified":"2026-04-29T09:42:02","modified_gmt":"2026-04-29T14:42:02","slug":"se-creo-una-mesa-tecnica-para-revisar-la-ordenanza-del-cerro-bomboli","status":"publish","type":"post","link":"https:\/\/zaracaytv.com\/?p=26807","title":{"rendered":"SE CRE\u00d3 UNA MESA T\u00c9CNICA PARA REVISAR LA ORDENANZA DEL CERRO BOMBOL\u00cd"},"content":{"rendered":"<body><p><\/p><img loading=\"lazy\" decoding=\"async\" class=\"size-medium wp-image-26798 alignleft\" src=\"https:\/\/zaracaytv.com\/wp-content\/uploads\/2026\/04\/BOMBOLI-300x127.png\" alt=\"\" width=\"300\" height=\"127\" loading=\"lazy\" srcset=\"https:\/\/zaracaytv.com\/wp-content\/uploads\/2026\/04\/BOMBOLI-300x127.png 300w, https:\/\/zaracaytv.com\/wp-content\/uploads\/2026\/04\/BOMBOLI-1024x433.png 1024w, https:\/\/zaracaytv.com\/wp-content\/uploads\/2026\/04\/BOMBOLI-768x325.png 768w, https:\/\/zaracaytv.com\/wp-content\/uploads\/2026\/04\/BOMBOLI-570x241.png 570w, https:\/\/zaracaytv.com\/wp-content\/uploads\/2026\/04\/BOMBOLI-270x114.png 270w, https:\/\/zaracaytv.com\/wp-content\/uploads\/2026\/04\/BOMBOLI-556x234.png 556w, https:\/\/zaracaytv.com\/wp-content\/uploads\/2026\/04\/BOMBOLI.png 1304w\" sizes=\"auto, (max-width: 300px) 100vw, 300px\" \/>Este martes 28 de abril, durante la sesi\u00f3n ordinaria del Concejo Municipal de Santo Domingo, se decidi\u00f3 establecer una mesa t\u00e9cnica para analizar la iniciativa popular titulada \u201cOrdenanza para salvar el cerro Bombol\u00ed\u201d. Este documento reconoce al cerro como sujeto de derecho, bajo la denominaci\u00f3n Acus, y lo destaca como zona de inter\u00e9s patrimonial, cultural, hist\u00f3rico, intercultural y tur\u00edstico del cant\u00f3n Santo Domingo. Mar\u00eda Piedad Maldonado, coordinadora del Colectivo de Defensa del Cerro Bombol\u00ed, celebr\u00f3 la admisi\u00f3n de esta propuesta, resaltando que representa un avance significativo en la protecci\u00f3n de la naturaleza.\n<p>El tema fue tratado como el cuarto punto del orden del d\u00eda. En ese marco, el alcalde Wilson Erazo solicit\u00f3 al procurador com\u00fan del municipio que leyera la normativa correspondiente, marcando el inicio para la creaci\u00f3n de la mesa t\u00e9cnica.<\/p>\n<p>Se llev\u00f3 a cabo un receso durante la sesi\u00f3n para definir a los integrantes de esta mesa t\u00e9cnica. Tras retomar el encuentro, se anunci\u00f3 a los ediles que estar\u00e1n encargados de trabajar en el tema.<\/p>\n<p>Desde el colectivo Salvemos el Bombol\u00ed se se\u00f1al\u00f3 que esta medida busca fortalecer la normativa legal que obligue a los gobiernos en funciones a trabajar activamente en la protecci\u00f3n del cerro Bombol\u00ed, un s\u00edmbolo tur\u00edstico emblem\u00e1tico de la ciudad.<\/p>\n<p><iframe title=\"SE CRE\u00d3 UNA MESA T\u00c9CNICA PARA REVISAR LA ORDENANZA DEL CERRO BOMBOL\u00cd\" width=\"800\" height=\"450\" src=\"https:\/\/www.youtube.com\/embed\/P_nTOfqcJng?feature=oembed\" frameborder=\"0\" allow=\"accelerometer; autoplay; clipboard-write; encrypted-media; gyroscope; picture-in-picture; web-share\" referrerpolicy=\"strict-origin-when-cross-origin\" allowfullscreen><\/iframe><\/p>\n<\/body>","protected":false},"excerpt":{"rendered":"<p>Este martes 28 de abril, durante la sesi\u00f3n ordinaria del Concejo Municipal de Santo Domingo, se decidi\u00f3 establecer una mesa t\u00e9cnica para analizar la iniciativa popular titulada \u201cOrdenanza para salvar el cerro Bombol\u00ed\u201d. Este documento reconoce al cerro como sujeto de derecho, bajo la denominaci\u00f3n Acus, y lo destaca como zona de inter\u00e9s patrimonial, cultural, [&hellip;]<\/p>\n","protected":false},"author":7,"featured_media":26798,"comment_status":"closed","ping_status":"closed","sticky":false,"template":"","format":"standard","meta":{"om_disable_all_campaigns":false,"_joinchat":[],"footnotes":""},"categories":[31],"tags":[],"class_list":["post-26807","post","type-post","status-publish","format-standard","has-post-thumbnail","hentry","category-la-region"],"_links":{"self":[{"href":"https:\/\/zaracaytv.com\/index.php?rest_route=\/wp\/v2\/posts\/26807","targetHints":{"allow":["GET"]}}],"collection":[{"href":"https:\/\/zaracaytv.com\/index.php?rest_route=\/wp\/v2\/posts"}],"about":[{"href":"https:\/\/zaracaytv.com\/index.php?rest_route=\/wp\/v2\/types\/post"}],"author":[{"embeddable":true,"href":"https:\/\/zaracaytv.com\/index.php?rest_route=\/wp\/v2\/users\/7"}],"replies":[{"embeddable":true,"href":"https:\/\/zaracaytv.com\/index.php?rest_route=%2Fwp%2Fv2%2Fcomments&post=26807"}],"version-history":[{"count":1,"href":"https:\/\/zaracaytv.com\/index.php?rest_route=\/wp\/v2\/posts\/26807\/revisions"}],"predecessor-version":[{"id":26808,"href":"https:\/\/zaracaytv.com\/index.php?rest_route=\/wp\/v2\/posts\/26807\/revisions\/26808"}],"wp:featuredmedia":[{"embeddable":true,"href":"https:\/\/zaracaytv.com\/index.php?rest_route=\/wp\/v2\/media\/26798"}],"wp:attachment":[{"href":"https:\/\/zaracaytv.com\/index.php?rest_route=%2Fwp%2Fv2%2Fmedia&parent=26807"}],"wp:term":[{"taxonomy":"category","embeddable":true,"href":"https:\/\/zaracaytv.com\/index.php?rest_route=%2Fwp%2Fv2%2Fcategories&post=26807"},{"taxonomy":"post_tag","embeddable":true,"href":"https:\/\/zaracaytv.com\/index.php?rest_route=%2Fwp%2Fv2%2Ftags&post=26807"}],"curies":[{"name":"wp","href":"https:\/\/api.w.org\/{rel}","templated":true}]}}