{"id":26803,"date":"2026-04-29T09:40:24","date_gmt":"2026-04-29T14:40:24","guid":{"rendered":"https:\/\/zaracaytv.com\/?p=26803"},"modified":"2026-04-29T09:40:24","modified_gmt":"2026-04-29T14:40:24","slug":"el-concejo-municipal-guarda-silencio-en-el-tema-del-concejal-miguel-m","status":"publish","type":"post","link":"https:\/\/zaracaytv.com\/?p=26803","title":{"rendered":"EL CONCEJO MUNICIPAL GUARDA SILENCIO EN EL TEMA DEL CONCEJAL MIGUEL M."},"content":{"rendered":"<body><p><\/p><img loading=\"lazy\" decoding=\"async\" class=\"size-medium wp-image-26800 alignleft\" src=\"https:\/\/zaracaytv.com\/wp-content\/uploads\/2026\/04\/MOROCHO-300x147.png\" alt=\"\" width=\"300\" height=\"147\" loading=\"lazy\" srcset=\"https:\/\/zaracaytv.com\/wp-content\/uploads\/2026\/04\/MOROCHO-300x147.png 300w, https:\/\/zaracaytv.com\/wp-content\/uploads\/2026\/04\/MOROCHO-1024x502.png 1024w, https:\/\/zaracaytv.com\/wp-content\/uploads\/2026\/04\/MOROCHO-768x376.png 768w, https:\/\/zaracaytv.com\/wp-content\/uploads\/2026\/04\/MOROCHO-570x279.png 570w, https:\/\/zaracaytv.com\/wp-content\/uploads\/2026\/04\/MOROCHO-270x132.png 270w, https:\/\/zaracaytv.com\/wp-content\/uploads\/2026\/04\/MOROCHO.png 1161w\" sizes=\"auto, (max-width: 300px) 100vw, 300px\" \/>Para este lunes 27 de abril estaba programada una audiencia clave dentro del caso de Miguel M., procesado por el presunto delito de intento de asesinato y actualmente recluido en la c\u00e1rcel Bellavista de Santo Domingo. Sin embargo, dicha diligencia no se llev\u00f3 a cabo como estaba prevista. Esta audiencia generaba gran expectativa en diversos sectores, especialmente en el Concejo Municipal, ya que determinar\u00eda el futuro pol\u00edtico y legal del edil implicado. El abogado Marcelo Rivera enfatiz\u00f3 la necesidad de separar el \u00e1mbito penal del administrativo, explicando que el \u00f3rgano legislativo del cabildo ha mantenido un silencio que le llama la atenci\u00f3n.\n<p>Seg\u00fan Rivera, algunos ediles podr\u00edan estar encubriendo la situaci\u00f3n, y considera preocupante que este asunto no se haya resuelto meses atr\u00e1s, advirtiendo que el proceso podr\u00eda prolongarse hasta seis meses m\u00e1s.<\/p>\n<p>Por su parte, los concejales han evitado hacer comentarios al respecto cuando se les consulta sobre el caso. Una excepci\u00f3n fue el edil Julio C\u00e9sar Calero, quien, como abogado, se\u00f1al\u00f3 que es la comisi\u00f3n de mesa la que debe asumir la responsabilidad en este tema.<\/p>\n<p>La pr\u00f3xima audiencia est\u00e1 programada para el 11 de mayo. En paralelo, Jazm\u00edn Garc\u00eda, concejal alterna de Miguel M. y tambi\u00e9n abogada, avanza con un proceso administrativo con el objetivo de asumir la titularidad de la curul principal del cant\u00f3n Santo Domingo. Garc\u00eda ha acusado a Miguel M. de utilizar documentaci\u00f3n falsa mientras permanec\u00eda pr\u00f3fugo de la justicia, a\u00f1adiendo tensi\u00f3n al ya complejo escenario pol\u00edtico y legal.<\/p>\n<p><iframe title=\"EL CONCEJO MUNICIPAL GUARDA SILENCIO EN EL TEMA DEL CONCEJAL MIGUEL M.\" width=\"800\" height=\"450\" src=\"https:\/\/www.youtube.com\/embed\/ed6jYDX61ZA?feature=oembed\" frameborder=\"0\" allow=\"accelerometer; autoplay; clipboard-write; encrypted-media; gyroscope; picture-in-picture; web-share\" referrerpolicy=\"strict-origin-when-cross-origin\" allowfullscreen><\/iframe><\/p>\n<\/body>","protected":false},"excerpt":{"rendered":"<p>Para este lunes 27 de abril estaba programada una audiencia clave dentro del caso de Miguel M., procesado por el presunto delito de intento de asesinato y actualmente recluido en la c\u00e1rcel Bellavista de Santo Domingo. Sin embargo, dicha diligencia no se llev\u00f3 a cabo como estaba prevista. Esta audiencia generaba gran expectativa en diversos [&hellip;]<\/p>\n","protected":false},"author":7,"featured_media":26800,"comment_status":"closed","ping_status":"closed","sticky":false,"template":"","format":"standard","meta":{"om_disable_all_campaigns":false,"_joinchat":[],"footnotes":""},"categories":[31],"tags":[],"class_list":["post-26803","post","type-post","status-publish","format-standard","has-post-thumbnail","hentry","category-la-region"],"_links":{"self":[{"href":"https:\/\/zaracaytv.com\/index.php?rest_route=\/wp\/v2\/posts\/26803","targetHints":{"allow":["GET"]}}],"collection":[{"href":"https:\/\/zaracaytv.com\/index.php?rest_route=\/wp\/v2\/posts"}],"about":[{"href":"https:\/\/zaracaytv.com\/index.php?rest_route=\/wp\/v2\/types\/post"}],"author":[{"embeddable":true,"href":"https:\/\/zaracaytv.com\/index.php?rest_route=\/wp\/v2\/users\/7"}],"replies":[{"embeddable":true,"href":"https:\/\/zaracaytv.com\/index.php?rest_route=%2Fwp%2Fv2%2Fcomments&post=26803"}],"version-history":[{"count":1,"href":"https:\/\/zaracaytv.com\/index.php?rest_route=\/wp\/v2\/posts\/26803\/revisions"}],"predecessor-version":[{"id":26804,"href":"https:\/\/zaracaytv.com\/index.php?rest_route=\/wp\/v2\/posts\/26803\/revisions\/26804"}],"wp:featuredmedia":[{"embeddable":true,"href":"https:\/\/zaracaytv.com\/index.php?rest_route=\/wp\/v2\/media\/26800"}],"wp:attachment":[{"href":"https:\/\/zaracaytv.com\/index.php?rest_route=%2Fwp%2Fv2%2Fmedia&parent=26803"}],"wp:term":[{"taxonomy":"category","embeddable":true,"href":"https:\/\/zaracaytv.com\/index.php?rest_route=%2Fwp%2Fv2%2Fcategories&post=26803"},{"taxonomy":"post_tag","embeddable":true,"href":"https:\/\/zaracaytv.com\/index.php?rest_route=%2Fwp%2Fv2%2Ftags&post=26803"}],"curies":[{"name":"wp","href":"https:\/\/api.w.org\/{rel}","templated":true}]}}