{"id":26791,"date":"2026-04-28T18:17:49","date_gmt":"2026-04-28T23:17:49","guid":{"rendered":"https:\/\/zaracaytv.com\/?p=26791"},"modified":"2026-04-28T18:17:49","modified_gmt":"2026-04-28T23:17:49","slug":"los-abogados-se-muestran-criticos-con-la-cancelacion-de-partidos","status":"publish","type":"post","link":"https:\/\/zaracaytv.com\/?p=26791","title":{"rendered":"LOS ABOGADOS SE MUESTRAN CR\u00cdTICOS CON LA CANCELACI\u00d3N DE PARTIDOS"},"content":{"rendered":"<body><p><\/p><img loading=\"lazy\" decoding=\"async\" class=\"size-medium wp-image-26788 alignleft\" src=\"https:\/\/zaracaytv.com\/wp-content\/uploads\/2026\/04\/partidos-300x124.png\" alt=\"\" width=\"300\" height=\"124\" loading=\"lazy\" srcset=\"https:\/\/zaracaytv.com\/wp-content\/uploads\/2026\/04\/partidos-300x124.png 300w, https:\/\/zaracaytv.com\/wp-content\/uploads\/2026\/04\/partidos-1024x423.png 1024w, https:\/\/zaracaytv.com\/wp-content\/uploads\/2026\/04\/partidos-768x317.png 768w, https:\/\/zaracaytv.com\/wp-content\/uploads\/2026\/04\/partidos-570x235.png 570w, https:\/\/zaracaytv.com\/wp-content\/uploads\/2026\/04\/partidos-270x112.png 270w, https:\/\/zaracaytv.com\/wp-content\/uploads\/2026\/04\/partidos.png 1259w\" sizes=\"auto, (max-width: 300px) 100vw, 300px\" \/>La reciente decisi\u00f3n del Consejo Nacional Electoral (CNE) de Ecuador, que determin\u00f3 cancelar el registro oficial del movimiento Construye y del partido Unidad Popular, ha desatado un amplio debate en la esfera pol\u00edtica del pa\u00eds. Este hecho, dado a conocer el pasado domingo, genera inquietud, especialmente considerando que las elecciones seccionales est\u00e1n a tan solo 7 meses de realizarse. Fausto Jerez, presidente del Colegio de Abogados de Santo Domingo, expres\u00f3 profunda preocupaci\u00f3n ante la resoluci\u00f3n adoptada por el m\u00e1ximo organismo electoral. Seg\u00fan \u00e9l, esta situaci\u00f3n dificulta el desarrollo del proceso democr\u00e1tico en un momento crucial para el pa\u00eds.\n<p>Por su parte, el analista pol\u00edtico Ricardo Vera, se\u00f1al\u00f3 puntos cr\u00edticos en esta decisi\u00f3n, subrayando que podr\u00eda comprometer la garant\u00eda de participaci\u00f3n en los pr\u00f3ximos comicios. Su preocupaci\u00f3n crece frente a las afirmaciones de las agrupaciones afectadas, seg\u00fan las cuales la medida del CNE ser\u00eda extempor\u00e1nea, ya que, de acuerdo con el C\u00f3digo de la Democracia, estos procedimientos deben resolverse al menos 120 d\u00edas antes de la convocatoria oficial a elecciones. Dicho plazo, seg\u00fan estas organizaciones, habr\u00eda expirado el pasado 3 de abril.<\/p>\n<p>Para el electorado, los impactos directos de estas cancelaciones parecen reflejarse principalmente en una posible reducci\u00f3n del n\u00famero de candidatos y en ajustes presupuestarios. Hasta ahora, tres agrupaciones pol\u00edticas han sido excluidas de los comicios previstos para noviembre, incluido el movimiento Revoluci\u00f3n Ciudadana. Existe consenso en que esta coyuntura podr\u00eda beneficiar a otras fuerzas pol\u00edticas.<\/p>\n<p>Frente a este panorama, las organizaciones afectadas han manifestado su disposici\u00f3n para emprender los procedimientos legales necesarios y presentar sus argumentos en defensa de su participaci\u00f3n. Mientras tanto, la ciudadan\u00eda sigue a la expectativa de conocer los precandidatos que buscar\u00e1n representar a sus intereses desde otros partidos o movimientos.<\/p>\n<p><iframe title=\"LOS ABOGADOS SE MUESTRAN CR\u00cdTICOS CON LA CANCELACI\u00d3N DE PARTIDOS\" width=\"800\" height=\"450\" src=\"https:\/\/www.youtube.com\/embed\/l9Ik1eyU2Go?feature=oembed\" frameborder=\"0\" allow=\"accelerometer; autoplay; clipboard-write; encrypted-media; gyroscope; picture-in-picture; web-share\" referrerpolicy=\"strict-origin-when-cross-origin\" allowfullscreen><\/iframe><\/p>\n<\/body>","protected":false},"excerpt":{"rendered":"<p>La reciente decisi\u00f3n del Consejo Nacional Electoral (CNE) de Ecuador, que determin\u00f3 cancelar el registro oficial del movimiento Construye y del partido Unidad Popular, ha desatado un amplio debate en la esfera pol\u00edtica del pa\u00eds. Este hecho, dado a conocer el pasado domingo, genera inquietud, especialmente considerando que las elecciones seccionales est\u00e1n a tan solo [&hellip;]<\/p>\n","protected":false},"author":7,"featured_media":26788,"comment_status":"closed","ping_status":"closed","sticky":false,"template":"","format":"standard","meta":{"om_disable_all_campaigns":false,"_joinchat":[],"footnotes":""},"categories":[31],"tags":[],"class_list":["post-26791","post","type-post","status-publish","format-standard","has-post-thumbnail","hentry","category-la-region"],"_links":{"self":[{"href":"https:\/\/zaracaytv.com\/index.php?rest_route=\/wp\/v2\/posts\/26791","targetHints":{"allow":["GET"]}}],"collection":[{"href":"https:\/\/zaracaytv.com\/index.php?rest_route=\/wp\/v2\/posts"}],"about":[{"href":"https:\/\/zaracaytv.com\/index.php?rest_route=\/wp\/v2\/types\/post"}],"author":[{"embeddable":true,"href":"https:\/\/zaracaytv.com\/index.php?rest_route=\/wp\/v2\/users\/7"}],"replies":[{"embeddable":true,"href":"https:\/\/zaracaytv.com\/index.php?rest_route=%2Fwp%2Fv2%2Fcomments&post=26791"}],"version-history":[{"count":1,"href":"https:\/\/zaracaytv.com\/index.php?rest_route=\/wp\/v2\/posts\/26791\/revisions"}],"predecessor-version":[{"id":26792,"href":"https:\/\/zaracaytv.com\/index.php?rest_route=\/wp\/v2\/posts\/26791\/revisions\/26792"}],"wp:featuredmedia":[{"embeddable":true,"href":"https:\/\/zaracaytv.com\/index.php?rest_route=\/wp\/v2\/media\/26788"}],"wp:attachment":[{"href":"https:\/\/zaracaytv.com\/index.php?rest_route=%2Fwp%2Fv2%2Fmedia&parent=26791"}],"wp:term":[{"taxonomy":"category","embeddable":true,"href":"https:\/\/zaracaytv.com\/index.php?rest_route=%2Fwp%2Fv2%2Fcategories&post=26791"},{"taxonomy":"post_tag","embeddable":true,"href":"https:\/\/zaracaytv.com\/index.php?rest_route=%2Fwp%2Fv2%2Ftags&post=26791"}],"curies":[{"name":"wp","href":"https:\/\/api.w.org\/{rel}","templated":true}]}}