{"id":26784,"date":"2026-04-28T18:16:55","date_gmt":"2026-04-28T23:16:55","guid":{"rendered":"https:\/\/zaracaytv.com\/?p=26784"},"modified":"2026-04-28T18:16:55","modified_gmt":"2026-04-28T23:16:55","slug":"desesperacion-en-la-epmt-sd-por-la-revision-tecnica-vehicular","status":"publish","type":"post","link":"https:\/\/zaracaytv.com\/?p=26784","title":{"rendered":"DESESPERACI\u00d3N EN LA EPMT-SD POR LA REVISI\u00d3N T\u00c9CNICA VEHICULAR"},"content":{"rendered":"<body><p><\/p><img loading=\"lazy\" decoding=\"async\" class=\"size-medium wp-image-26789 alignleft\" src=\"https:\/\/zaracaytv.com\/wp-content\/uploads\/2026\/04\/informe-1-1-300x114.png\" alt=\"\" width=\"300\" height=\"114\" loading=\"lazy\" srcset=\"https:\/\/zaracaytv.com\/wp-content\/uploads\/2026\/04\/informe-1-1-300x114.png 300w, https:\/\/zaracaytv.com\/wp-content\/uploads\/2026\/04\/informe-1-1-1024x389.png 1024w, https:\/\/zaracaytv.com\/wp-content\/uploads\/2026\/04\/informe-1-1-768x291.png 768w, https:\/\/zaracaytv.com\/wp-content\/uploads\/2026\/04\/informe-1-1-570x216.png 570w, https:\/\/zaracaytv.com\/wp-content\/uploads\/2026\/04\/informe-1-1-270x102.png 270w, https:\/\/zaracaytv.com\/wp-content\/uploads\/2026\/04\/informe-1-1.png 1262w\" sizes=\"auto, (max-width: 300px) 100vw, 300px\" \/>Durante los \u00faltimos d\u00edas se ha evidenciado un ambiente de desesperaci\u00f3n entre los usuarios que acuden a la Empresa P\u00fablica Municipal de Transporte de Santo Domingo, muchos de ellos inconformes por las complicaciones registradas para agendar un turno para la revisi\u00f3n t\u00e9cnica y matriculaci\u00f3n vehicular por los inconvenientes generados semanas atr\u00e1s en los sistemas de la Agencia Nacional de Tr\u00e1nsito (ANT), lo que retras\u00f3 varios tr\u00e1mites.\n<p>La ANT anunci\u00f3 recientemente que no se cobrar\u00e1n multas en los procesos de matriculaci\u00f3n vehicular hasta el 30 de septiembre de 2026. Sin embargo, aclar\u00f3 que esta disposici\u00f3n no representa una condonaci\u00f3n de valores pendientes, sino una suspensi\u00f3n temporal del cobro, por lo que recomend\u00f3 a los usuarios cancelar sus obligaciones lo antes posible para evitar la generaci\u00f3n de intereses futuros.<\/p>\n<p>Desde la Empresa P\u00fablica Municipal de Transporte se exhort\u00f3 a los ciudadanos a ingresar correctamente sus datos al momento de solicitar turnos en la p\u00e1gina web institucional, ya que una parte de los inconvenientes detectados responde a errores en el registro de informaci\u00f3n. En este mes de abril se atiende la matriculaci\u00f3n de veh\u00edculos cuyas placas terminan en 2 y 3, mientras que a partir de mayo corresponder\u00e1 el turno a los automotores con d\u00edgito final 4.<\/p>\n<p><iframe title=\"DESESPERACI\u00d3N EN LA EPMT-SD POR LA REVISI\u00d3N T\u00c9CNICA VEHICULAR\" width=\"800\" height=\"450\" src=\"https:\/\/www.youtube.com\/embed\/E4cIHIM6mDQ?feature=oembed\" frameborder=\"0\" allow=\"accelerometer; autoplay; clipboard-write; encrypted-media; gyroscope; picture-in-picture; web-share\" referrerpolicy=\"strict-origin-when-cross-origin\" allowfullscreen><\/iframe><\/p>\n<\/body>","protected":false},"excerpt":{"rendered":"<p>Durante los \u00faltimos d\u00edas se ha evidenciado un ambiente de desesperaci\u00f3n entre los usuarios que acuden a la Empresa P\u00fablica Municipal de Transporte de Santo Domingo, muchos de ellos inconformes por las complicaciones registradas para agendar un turno para la revisi\u00f3n t\u00e9cnica y matriculaci\u00f3n vehicular por los inconvenientes generados semanas atr\u00e1s en los sistemas de [&hellip;]<\/p>\n","protected":false},"author":7,"featured_media":26789,"comment_status":"closed","ping_status":"closed","sticky":false,"template":"","format":"standard","meta":{"om_disable_all_campaigns":false,"_joinchat":[],"footnotes":""},"categories":[31],"tags":[],"class_list":["post-26784","post","type-post","status-publish","format-standard","has-post-thumbnail","hentry","category-la-region"],"_links":{"self":[{"href":"https:\/\/zaracaytv.com\/index.php?rest_route=\/wp\/v2\/posts\/26784","targetHints":{"allow":["GET"]}}],"collection":[{"href":"https:\/\/zaracaytv.com\/index.php?rest_route=\/wp\/v2\/posts"}],"about":[{"href":"https:\/\/zaracaytv.com\/index.php?rest_route=\/wp\/v2\/types\/post"}],"author":[{"embeddable":true,"href":"https:\/\/zaracaytv.com\/index.php?rest_route=\/wp\/v2\/users\/7"}],"replies":[{"embeddable":true,"href":"https:\/\/zaracaytv.com\/index.php?rest_route=%2Fwp%2Fv2%2Fcomments&post=26784"}],"version-history":[{"count":1,"href":"https:\/\/zaracaytv.com\/index.php?rest_route=\/wp\/v2\/posts\/26784\/revisions"}],"predecessor-version":[{"id":26790,"href":"https:\/\/zaracaytv.com\/index.php?rest_route=\/wp\/v2\/posts\/26784\/revisions\/26790"}],"wp:featuredmedia":[{"embeddable":true,"href":"https:\/\/zaracaytv.com\/index.php?rest_route=\/wp\/v2\/media\/26789"}],"wp:attachment":[{"href":"https:\/\/zaracaytv.com\/index.php?rest_route=%2Fwp%2Fv2%2Fmedia&parent=26784"}],"wp:term":[{"taxonomy":"category","embeddable":true,"href":"https:\/\/zaracaytv.com\/index.php?rest_route=%2Fwp%2Fv2%2Fcategories&post=26784"},{"taxonomy":"post_tag","embeddable":true,"href":"https:\/\/zaracaytv.com\/index.php?rest_route=%2Fwp%2Fv2%2Ftags&post=26784"}],"curies":[{"name":"wp","href":"https:\/\/api.w.org\/{rel}","templated":true}]}}