{"id":26780,"date":"2026-04-28T15:07:51","date_gmt":"2026-04-28T20:07:51","guid":{"rendered":"https:\/\/zaracaytv.com\/?p=26780"},"modified":"2026-04-28T15:07:51","modified_gmt":"2026-04-28T20:07:51","slug":"cierre-parcial-de-la-av-quito-causo-trafico-en-este-acceso","status":"publish","type":"post","link":"https:\/\/zaracaytv.com\/?p=26780","title":{"rendered":"CIERRE PARCIAL DE LA AV. QUITO CAUS\u00d3 TR\u00c1FICO EN ESTE ACCESO"},"content":{"rendered":"<body><p><\/p><img loading=\"lazy\" decoding=\"async\" class=\"size-medium wp-image-26771 alignleft\" src=\"https:\/\/zaracaytv.com\/wp-content\/uploads\/2026\/04\/quito-300x118.png\" alt=\"\" width=\"300\" height=\"118\" loading=\"lazy\" srcset=\"https:\/\/zaracaytv.com\/wp-content\/uploads\/2026\/04\/quito-300x118.png 300w, https:\/\/zaracaytv.com\/wp-content\/uploads\/2026\/04\/quito-1024x404.png 1024w, https:\/\/zaracaytv.com\/wp-content\/uploads\/2026\/04\/quito-768x303.png 768w, https:\/\/zaracaytv.com\/wp-content\/uploads\/2026\/04\/quito-570x225.png 570w, https:\/\/zaracaytv.com\/wp-content\/uploads\/2026\/04\/quito-270x107.png 270w, https:\/\/zaracaytv.com\/wp-content\/uploads\/2026\/04\/quito.png 1249w\" sizes=\"auto, (max-width: 300px) 100vw, 300px\" \/>Parte de este lunes y todo el fin de semana un tramo de la avenida Quito permaneci\u00f3 cerrado debido a los trabajos que se realizan en el acceso Corea del Sur, antiguamente llamado Las Delicias. Seg\u00fan la Empresa P\u00fablica de Construcciones, Vivienda y Aseo de Santo Domingo se est\u00e1 empalmando los accesos y se est\u00e1 realizando el acople del cableado soterrado de esta importante arteria vial. Es por ello que los agentes de tr\u00e1nsito se ubicaron en el lugar para contribuir con la circulaci\u00f3n vehicular.\n<p>Los ciudadanos explicaron que se debe tener paciencia, pues es una obra de relevancia que contribuir\u00e1 con la movilidad del cant\u00f3n. Destacaron que este nuevo acceso ayudar\u00e1 a desfogar los veh\u00edculos de la avenida Quito hacia el bypass Esmeraldas \u2013 Quito.<\/p>\n<p>El contratista inform\u00f3 que la obra ya tiene un 92% de avance y culminar\u00e1 en las pr\u00f3ximas semanas, siendo una ruta importante dentro del casco urbano. Quienes circulan por el sitio piden celeridad en los trabajos.<\/p>\n<p>Desde la EPCONTS se se\u00f1al\u00f3 que el cierre fue moment\u00e1neo y que este lunes por la ma\u00f1ana se dio paso controlado por el acceso. Sin embargo, una vez se termine la obra se restablecer\u00e1 la circulaci\u00f3n normal.<\/p>\n<p><iframe title=\"CIERRE PARCIAL DE LA AV. QUITO CAUS\u00d3 TR\u00c1FICO EN ESTE ACCESO\" width=\"800\" height=\"450\" src=\"https:\/\/www.youtube.com\/embed\/6dsPKpu1jto?feature=oembed\" frameborder=\"0\" allow=\"accelerometer; autoplay; clipboard-write; encrypted-media; gyroscope; picture-in-picture; web-share\" referrerpolicy=\"strict-origin-when-cross-origin\" allowfullscreen><\/iframe><\/p>\n<\/body>","protected":false},"excerpt":{"rendered":"<p>Parte de este lunes y todo el fin de semana un tramo de la avenida Quito permaneci\u00f3 cerrado debido a los trabajos que se realizan en el acceso Corea del Sur, antiguamente llamado Las Delicias. Seg\u00fan la Empresa P\u00fablica de Construcciones, Vivienda y Aseo de Santo Domingo se est\u00e1 empalmando los accesos y se est\u00e1 [&hellip;]<\/p>\n","protected":false},"author":7,"featured_media":26771,"comment_status":"closed","ping_status":"closed","sticky":false,"template":"","format":"standard","meta":{"om_disable_all_campaigns":false,"_joinchat":[],"footnotes":""},"categories":[31],"tags":[],"class_list":["post-26780","post","type-post","status-publish","format-standard","has-post-thumbnail","hentry","category-la-region"],"_links":{"self":[{"href":"https:\/\/zaracaytv.com\/index.php?rest_route=\/wp\/v2\/posts\/26780","targetHints":{"allow":["GET"]}}],"collection":[{"href":"https:\/\/zaracaytv.com\/index.php?rest_route=\/wp\/v2\/posts"}],"about":[{"href":"https:\/\/zaracaytv.com\/index.php?rest_route=\/wp\/v2\/types\/post"}],"author":[{"embeddable":true,"href":"https:\/\/zaracaytv.com\/index.php?rest_route=\/wp\/v2\/users\/7"}],"replies":[{"embeddable":true,"href":"https:\/\/zaracaytv.com\/index.php?rest_route=%2Fwp%2Fv2%2Fcomments&post=26780"}],"version-history":[{"count":1,"href":"https:\/\/zaracaytv.com\/index.php?rest_route=\/wp\/v2\/posts\/26780\/revisions"}],"predecessor-version":[{"id":26781,"href":"https:\/\/zaracaytv.com\/index.php?rest_route=\/wp\/v2\/posts\/26780\/revisions\/26781"}],"wp:featuredmedia":[{"embeddable":true,"href":"https:\/\/zaracaytv.com\/index.php?rest_route=\/wp\/v2\/media\/26771"}],"wp:attachment":[{"href":"https:\/\/zaracaytv.com\/index.php?rest_route=%2Fwp%2Fv2%2Fmedia&parent=26780"}],"wp:term":[{"taxonomy":"category","embeddable":true,"href":"https:\/\/zaracaytv.com\/index.php?rest_route=%2Fwp%2Fv2%2Fcategories&post=26780"},{"taxonomy":"post_tag","embeddable":true,"href":"https:\/\/zaracaytv.com\/index.php?rest_route=%2Fwp%2Fv2%2Ftags&post=26780"}],"curies":[{"name":"wp","href":"https:\/\/api.w.org\/{rel}","templated":true}]}}