{"id":26769,"date":"2026-04-28T15:03:56","date_gmt":"2026-04-28T20:03:56","guid":{"rendered":"https:\/\/zaracaytv.com\/?p=26769"},"modified":"2026-04-28T15:03:56","modified_gmt":"2026-04-28T20:03:56","slug":"no-habra-cambios-en-el-horario-de-recoleccion-de-basura","status":"publish","type":"post","link":"https:\/\/zaracaytv.com\/?p=26769","title":{"rendered":"NO HABR\u00c1 CAMBIOS EN EL HORARIO DE RECOLECCI\u00d3N DE BASURA"},"content":{"rendered":"<body><p><\/p><img loading=\"lazy\" decoding=\"async\" class=\"size-medium wp-image-26774 alignleft\" src=\"https:\/\/zaracaytv.com\/wp-content\/uploads\/2026\/04\/basura-2-300x128.png\" alt=\"\" width=\"300\" height=\"128\" loading=\"lazy\" srcset=\"https:\/\/zaracaytv.com\/wp-content\/uploads\/2026\/04\/basura-2-300x128.png 300w, https:\/\/zaracaytv.com\/wp-content\/uploads\/2026\/04\/basura-2-1024x438.png 1024w, https:\/\/zaracaytv.com\/wp-content\/uploads\/2026\/04\/basura-2-768x328.png 768w, https:\/\/zaracaytv.com\/wp-content\/uploads\/2026\/04\/basura-2-570x244.png 570w, https:\/\/zaracaytv.com\/wp-content\/uploads\/2026\/04\/basura-2-270x115.png 270w, https:\/\/zaracaytv.com\/wp-content\/uploads\/2026\/04\/basura-2.png 1235w\" sizes=\"auto, (max-width: 300px) 100vw, 300px\" \/>Este lunes 27 de abril, el alcalde de Santo Domingo, Wilson Erazo, inform\u00f3 que los horarios de recolecci\u00f3n de basura permanecer\u00e1n sin cambios. Esto se confirm\u00f3 luego de que el Ministro del Interior, John Reimberg, anunciara que dicho servicio estar\u00e1 exento de las restricciones del toque de queda previsto en Ecuador. La medida tiene como objetivo prevenir la crisis sanitaria causada por la acumulaci\u00f3n de residuos, un problema registrado en el anterior periodo de restricciones.\n<p>Ider Alc\u00edvar, director de Aseo de la Empresa P\u00fablica Municipal de Construcciones, Vivienda y Aseo (EP-CONST) de Santo Domingo, se\u00f1al\u00f3 que la recolecci\u00f3n de desechos s\u00f3lidos comenzar\u00e1 diariamente a las 5:30 de la ma\u00f1ana.<\/p>\n<p>Es importante recordar que el toque de queda se implementar\u00e1 desde el 4 de mayo hasta el 18 de mayo de 2026, en el horario comprendido entre las 23:00 y las 05:00. Las autoridades han solicitado a los ciudadanos cumplir con los horarios establecidos para evitar inconvenientes.<\/p>\n<p>La restricci\u00f3n se aplicar\u00e1 en nueve provincias y cuatro cantones adicionales, incluyendo \u00e1reas cr\u00edticas en ciudades como Quito, Guayaquil y Santo Domingo, con el objetivo principal de combatir el crimen organizado en estas zonas. En este contexto, los ciudadanos deben estar pendiente ante posibles cambios que se puedan disponer.<\/p>\n<p>\u00a0<\/p>\n<p><iframe title=\"NO HABR\u00c1 CAMBIOS EN EL HORARIO DE RECOLECCI\u00d3N DE BASURA\" width=\"800\" height=\"450\" src=\"https:\/\/www.youtube.com\/embed\/VtAHBIEl9s8?feature=oembed\" frameborder=\"0\" allow=\"accelerometer; autoplay; clipboard-write; encrypted-media; gyroscope; picture-in-picture; web-share\" referrerpolicy=\"strict-origin-when-cross-origin\" allowfullscreen><\/iframe><\/p>\n<p>\u00a0<\/p>\n<\/body>","protected":false},"excerpt":{"rendered":"<p>Este lunes 27 de abril, el alcalde de Santo Domingo, Wilson Erazo, inform\u00f3 que los horarios de recolecci\u00f3n de basura permanecer\u00e1n sin cambios. Esto se confirm\u00f3 luego de que el Ministro del Interior, John Reimberg, anunciara que dicho servicio estar\u00e1 exento de las restricciones del toque de queda previsto en Ecuador. La medida tiene como [&hellip;]<\/p>\n","protected":false},"author":7,"featured_media":26774,"comment_status":"closed","ping_status":"closed","sticky":false,"template":"","format":"standard","meta":{"om_disable_all_campaigns":false,"_joinchat":[],"footnotes":""},"categories":[31],"tags":[],"class_list":["post-26769","post","type-post","status-publish","format-standard","has-post-thumbnail","hentry","category-la-region"],"_links":{"self":[{"href":"https:\/\/zaracaytv.com\/index.php?rest_route=\/wp\/v2\/posts\/26769","targetHints":{"allow":["GET"]}}],"collection":[{"href":"https:\/\/zaracaytv.com\/index.php?rest_route=\/wp\/v2\/posts"}],"about":[{"href":"https:\/\/zaracaytv.com\/index.php?rest_route=\/wp\/v2\/types\/post"}],"author":[{"embeddable":true,"href":"https:\/\/zaracaytv.com\/index.php?rest_route=\/wp\/v2\/users\/7"}],"replies":[{"embeddable":true,"href":"https:\/\/zaracaytv.com\/index.php?rest_route=%2Fwp%2Fv2%2Fcomments&post=26769"}],"version-history":[{"count":1,"href":"https:\/\/zaracaytv.com\/index.php?rest_route=\/wp\/v2\/posts\/26769\/revisions"}],"predecessor-version":[{"id":26775,"href":"https:\/\/zaracaytv.com\/index.php?rest_route=\/wp\/v2\/posts\/26769\/revisions\/26775"}],"wp:featuredmedia":[{"embeddable":true,"href":"https:\/\/zaracaytv.com\/index.php?rest_route=\/wp\/v2\/media\/26774"}],"wp:attachment":[{"href":"https:\/\/zaracaytv.com\/index.php?rest_route=%2Fwp%2Fv2%2Fmedia&parent=26769"}],"wp:term":[{"taxonomy":"category","embeddable":true,"href":"https:\/\/zaracaytv.com\/index.php?rest_route=%2Fwp%2Fv2%2Fcategories&post=26769"},{"taxonomy":"post_tag","embeddable":true,"href":"https:\/\/zaracaytv.com\/index.php?rest_route=%2Fwp%2Fv2%2Ftags&post=26769"}],"curies":[{"name":"wp","href":"https:\/\/api.w.org\/{rel}","templated":true}]}}