{"id":26761,"date":"2026-04-27T17:39:56","date_gmt":"2026-04-27T22:39:56","guid":{"rendered":"https:\/\/zaracaytv.com\/?p=26761"},"modified":"2026-04-27T17:39:56","modified_gmt":"2026-04-27T22:39:56","slug":"unidad-popular-rechazo-la-cancelacion-del-partido","status":"publish","type":"post","link":"https:\/\/zaracaytv.com\/?p=26761","title":{"rendered":"UNIDAD POPULAR RECHAZ\u00d3 LA CANCELACI\u00d3N DEL PARTIDO"},"content":{"rendered":"<body><p><\/p><img loading=\"lazy\" decoding=\"async\" class=\"size-medium wp-image-26758 alignleft\" src=\"https:\/\/zaracaytv.com\/wp-content\/uploads\/2026\/04\/informw-2-300x113.png\" alt=\"\" width=\"300\" height=\"113\" loading=\"lazy\" srcset=\"https:\/\/zaracaytv.com\/wp-content\/uploads\/2026\/04\/informw-2-300x113.png 300w, https:\/\/zaracaytv.com\/wp-content\/uploads\/2026\/04\/informw-2-1024x386.png 1024w, https:\/\/zaracaytv.com\/wp-content\/uploads\/2026\/04\/informw-2-768x289.png 768w, https:\/\/zaracaytv.com\/wp-content\/uploads\/2026\/04\/informw-2-570x215.png 570w, https:\/\/zaracaytv.com\/wp-content\/uploads\/2026\/04\/informw-2-270x102.png 270w, https:\/\/zaracaytv.com\/wp-content\/uploads\/2026\/04\/informw-2.png 1301w\" sizes=\"auto, (max-width: 300px) 100vw, 300px\" \/>El partido Unidad Popular realiz\u00f3 este lunes una rueda de prensa en Santo Domingo para rechazar la decisi\u00f3n del Consejo Nacional Electoral (CNE), que resolvi\u00f3 el domingo 26 de abril la cancelaci\u00f3n de la organizaci\u00f3n pol\u00edtica. Sus dirigentes calificaron la medida como un atentado a la democracia y anunciaron que agotar\u00e1n todas las instancias legales para revertirla. Durante el pronunciamiento, la concejal Liliana Silva, una de las figuras m\u00e1s representativas del movimiento en la provincia, cuestion\u00f3 las declaraciones del organismo electoral y sostuvo que la resoluci\u00f3n representa una grave afectaci\u00f3n al pluralismo pol\u00edtico y a la participaci\u00f3n ciudadana.\n<p>Los representantes de Unidad Popular informaron que continuar\u00e1n con acciones de protesta, entre ellas plantones frente a las instalaciones del CNE, adem\u00e1s de recursos legales de impugnaci\u00f3n ante el Tribunal Contencioso Electoral, la Corte Constitucional e incluso organismos internacionales, en caso de ser necesario.<\/p>\n<p>Por su parte, el CNE se\u00f1al\u00f3 que en el proceso (decisi\u00f3n) se garantiz\u00f3 el debido proceso y el derecho a la defensa. Indic\u00f3 adem\u00e1s que no se presentaron respaldos suficientes para validar afiliaciones y que la medida responde al cumplimiento de la normativa vigente, con el objetivo de proteger la legalidad y transparencia del sistema electoral.<\/p>\n<p>Mientras se desarrollan los procesos de apelaci\u00f3n, los militantes insisten en que la decisi\u00f3n a\u00fan no est\u00e1 en firme y que seguir\u00e1n defendiendo la permanencia del partido. Paralelamente, Unidad Popular analiza con qu\u00e9 tienda pol\u00edtica podr\u00eda participar en las elecciones seccionales del 29 de noviembre de 2026. Entre las opciones m\u00e1s cercanas suenan Pachakutik y el Partido Socialista, aunque una posible alianza se definir\u00eda en la primera semana de mayo, cuando se oficialicen las organizaciones que intervendr\u00e1n en los comicios.<\/p>\n<p><iframe title=\"UNIDAD POPULAR RECHAZ\u00d3 LA CANCELACI\u00d3N DEL PARTIDO\" width=\"800\" height=\"450\" src=\"https:\/\/www.youtube.com\/embed\/Cf25YX6-TkY?feature=oembed\" frameborder=\"0\" allow=\"accelerometer; autoplay; clipboard-write; encrypted-media; gyroscope; picture-in-picture; web-share\" referrerpolicy=\"strict-origin-when-cross-origin\" allowfullscreen><\/iframe><\/p>\n<\/body>","protected":false},"excerpt":{"rendered":"<p>El partido Unidad Popular realiz\u00f3 este lunes una rueda de prensa en Santo Domingo para rechazar la decisi\u00f3n del Consejo Nacional Electoral (CNE), que resolvi\u00f3 el domingo 26 de abril la cancelaci\u00f3n de la organizaci\u00f3n pol\u00edtica. Sus dirigentes calificaron la medida como un atentado a la democracia y anunciaron que agotar\u00e1n todas las instancias legales [&hellip;]<\/p>\n","protected":false},"author":7,"featured_media":26758,"comment_status":"closed","ping_status":"closed","sticky":false,"template":"","format":"standard","meta":{"om_disable_all_campaigns":false,"_joinchat":[],"footnotes":""},"categories":[31],"tags":[],"class_list":["post-26761","post","type-post","status-publish","format-standard","has-post-thumbnail","hentry","category-la-region"],"_links":{"self":[{"href":"https:\/\/zaracaytv.com\/index.php?rest_route=\/wp\/v2\/posts\/26761","targetHints":{"allow":["GET"]}}],"collection":[{"href":"https:\/\/zaracaytv.com\/index.php?rest_route=\/wp\/v2\/posts"}],"about":[{"href":"https:\/\/zaracaytv.com\/index.php?rest_route=\/wp\/v2\/types\/post"}],"author":[{"embeddable":true,"href":"https:\/\/zaracaytv.com\/index.php?rest_route=\/wp\/v2\/users\/7"}],"replies":[{"embeddable":true,"href":"https:\/\/zaracaytv.com\/index.php?rest_route=%2Fwp%2Fv2%2Fcomments&post=26761"}],"version-history":[{"count":1,"href":"https:\/\/zaracaytv.com\/index.php?rest_route=\/wp\/v2\/posts\/26761\/revisions"}],"predecessor-version":[{"id":26762,"href":"https:\/\/zaracaytv.com\/index.php?rest_route=\/wp\/v2\/posts\/26761\/revisions\/26762"}],"wp:featuredmedia":[{"embeddable":true,"href":"https:\/\/zaracaytv.com\/index.php?rest_route=\/wp\/v2\/media\/26758"}],"wp:attachment":[{"href":"https:\/\/zaracaytv.com\/index.php?rest_route=%2Fwp%2Fv2%2Fmedia&parent=26761"}],"wp:term":[{"taxonomy":"category","embeddable":true,"href":"https:\/\/zaracaytv.com\/index.php?rest_route=%2Fwp%2Fv2%2Fcategories&post=26761"},{"taxonomy":"post_tag","embeddable":true,"href":"https:\/\/zaracaytv.com\/index.php?rest_route=%2Fwp%2Fv2%2Ftags&post=26761"}],"curies":[{"name":"wp","href":"https:\/\/api.w.org\/{rel}","templated":true}]}}