{"id":26754,"date":"2026-04-27T17:38:56","date_gmt":"2026-04-27T22:38:56","guid":{"rendered":"https:\/\/zaracaytv.com\/?p=26754"},"modified":"2026-04-27T17:38:56","modified_gmt":"2026-04-27T22:38:56","slug":"se-busca-que-los-transportistas-tomen-rutas-alternas-para-evitar-trafico","status":"publish","type":"post","link":"https:\/\/zaracaytv.com\/?p=26754","title":{"rendered":"SE BUSCA QUE LOS TRANSPORTISTAS TOMEN RUTAS ALTERNAS PARA EVITAR TR\u00c1FICO"},"content":{"rendered":"<body><p><\/p><img loading=\"lazy\" decoding=\"async\" class=\"size-medium wp-image-26759 alignleft\" src=\"https:\/\/zaracaytv.com\/wp-content\/uploads\/2026\/04\/informe-1-300x134.png\" alt=\"\" width=\"300\" height=\"134\" loading=\"lazy\" srcset=\"https:\/\/zaracaytv.com\/wp-content\/uploads\/2026\/04\/informe-1-300x134.png 300w, https:\/\/zaracaytv.com\/wp-content\/uploads\/2026\/04\/informe-1-1024x457.png 1024w, https:\/\/zaracaytv.com\/wp-content\/uploads\/2026\/04\/informe-1-768x343.png 768w, https:\/\/zaracaytv.com\/wp-content\/uploads\/2026\/04\/informe-1-570x254.png 570w, https:\/\/zaracaytv.com\/wp-content\/uploads\/2026\/04\/informe-1-270x120.png 270w, https:\/\/zaracaytv.com\/wp-content\/uploads\/2026\/04\/informe-1.png 1148w\" sizes=\"auto, (max-width: 300px) 100vw, 300px\" \/>Con motivo del feriado por el D\u00eda Internacional del Trabajo, la Prefectura de Santo Domingo de los Ts\u00e1chilas present\u00f3 su plan de contingencia para la v\u00eda Al\u00f3ag \u2013 Santo Domingo, en el tramo comprendido entre Uni\u00f3n del Toachi y el casco urbano del cant\u00f3n, con el objetivo de garantizar la movilidad y responder ante posibles emergencias durante los cuatro d\u00edas de asueto. Carlos Landaheta, viceprefecto de la provincia, solicit\u00f3 a los transportistas de carga pesada utilizar rutas alternas para evitar congestiones vehiculares en este importante corredor vial. Entre las opciones recomendadas mencion\u00f3 las v\u00edas Calacal\u00ed \u2013 La Independencia y Las Mercedes \u2013 Los Bancos, consideradas estrat\u00e9gicas para el tr\u00e1nsito comercial del pa\u00eds.\n<p>Asimismo, se inform\u00f3 que en el peaje Santo Domingo se instalar\u00e1 un Puesto de Mando Unificado, que ser\u00e1 liderado por la Polic\u00eda Nacional a trav\u00e9s del \u00e1rea de tr\u00e1nsito, con apoyo del Cuerpo de Bomberos y personal de la Prefectura. Kerley Jara, jefe de la Polic\u00eda de Tr\u00e1nsito en la provincia, se\u00f1al\u00f3 que este despliegue permitir\u00e1 actuar de manera inmediata ante cualquier eventualidad.<\/p>\n<p>Por su parte, el director del peaje Santo Domingo indic\u00f3 que se dispone del contingente necesario para atender emergencias como deslizamientos de tierra o colapsos del sistema de alcantarillado. Para ello se contar\u00e1 con maquinaria pesada para habilitar la carretera y gr\u00faas destinadas a movilizar veh\u00edculos averiados o encunetados.<\/p>\n<p>Las autoridades estiman que durante este feriado arribar\u00e1n a Santo Domingo cerca de 17 mil visitantes por d\u00eda, cifra impulsada por el crecimiento del cant\u00f3n como destino tur\u00edstico y punto estrat\u00e9gico de conexi\u00f3n entre la Sierra y la Costa ecuatoriana.<\/p>\n<p><iframe title=\"SE BUSCA QUE LOS TRANSPORTISTAS TOMEN RUTAS ALTERNAS PARA EVITAR TR\u00c1FICO\" width=\"800\" height=\"450\" src=\"https:\/\/www.youtube.com\/embed\/oD04zBOFyl8?feature=oembed\" frameborder=\"0\" allow=\"accelerometer; autoplay; clipboard-write; encrypted-media; gyroscope; picture-in-picture; web-share\" referrerpolicy=\"strict-origin-when-cross-origin\" allowfullscreen><\/iframe><\/p>\n<\/body>","protected":false},"excerpt":{"rendered":"<p>Con motivo del feriado por el D\u00eda Internacional del Trabajo, la Prefectura de Santo Domingo de los Ts\u00e1chilas present\u00f3 su plan de contingencia para la v\u00eda Al\u00f3ag \u2013 Santo Domingo, en el tramo comprendido entre Uni\u00f3n del Toachi y el casco urbano del cant\u00f3n, con el objetivo de garantizar la movilidad y responder ante posibles [&hellip;]<\/p>\n","protected":false},"author":7,"featured_media":26759,"comment_status":"closed","ping_status":"closed","sticky":false,"template":"","format":"standard","meta":{"om_disable_all_campaigns":false,"_joinchat":[],"footnotes":""},"categories":[31],"tags":[],"class_list":["post-26754","post","type-post","status-publish","format-standard","has-post-thumbnail","hentry","category-la-region"],"_links":{"self":[{"href":"https:\/\/zaracaytv.com\/index.php?rest_route=\/wp\/v2\/posts\/26754","targetHints":{"allow":["GET"]}}],"collection":[{"href":"https:\/\/zaracaytv.com\/index.php?rest_route=\/wp\/v2\/posts"}],"about":[{"href":"https:\/\/zaracaytv.com\/index.php?rest_route=\/wp\/v2\/types\/post"}],"author":[{"embeddable":true,"href":"https:\/\/zaracaytv.com\/index.php?rest_route=\/wp\/v2\/users\/7"}],"replies":[{"embeddable":true,"href":"https:\/\/zaracaytv.com\/index.php?rest_route=%2Fwp%2Fv2%2Fcomments&post=26754"}],"version-history":[{"count":1,"href":"https:\/\/zaracaytv.com\/index.php?rest_route=\/wp\/v2\/posts\/26754\/revisions"}],"predecessor-version":[{"id":26760,"href":"https:\/\/zaracaytv.com\/index.php?rest_route=\/wp\/v2\/posts\/26754\/revisions\/26760"}],"wp:featuredmedia":[{"embeddable":true,"href":"https:\/\/zaracaytv.com\/index.php?rest_route=\/wp\/v2\/media\/26759"}],"wp:attachment":[{"href":"https:\/\/zaracaytv.com\/index.php?rest_route=%2Fwp%2Fv2%2Fmedia&parent=26754"}],"wp:term":[{"taxonomy":"category","embeddable":true,"href":"https:\/\/zaracaytv.com\/index.php?rest_route=%2Fwp%2Fv2%2Fcategories&post=26754"},{"taxonomy":"post_tag","embeddable":true,"href":"https:\/\/zaracaytv.com\/index.php?rest_route=%2Fwp%2Fv2%2Ftags&post=26754"}],"curies":[{"name":"wp","href":"https:\/\/api.w.org\/{rel}","templated":true}]}}