{"id":25933,"date":"2026-03-16T18:17:50","date_gmt":"2026-03-16T23:17:50","guid":{"rendered":"https:\/\/zaracaytv.com\/?p=25933"},"modified":"2026-03-16T18:17:50","modified_gmt":"2026-03-16T23:17:50","slug":"creadores-de-contenido-rechazan-impuesto-del-10-a-la-renta","status":"publish","type":"post","link":"https:\/\/zaracaytv.com\/?p=25933","title":{"rendered":"CREADORES DE CONTENIDO RECHAZAN IMPUESTO DEL 10% A LA RENTA"},"content":{"rendered":"<body><p><\/p>\n<p data-start=\"138\" data-end=\"529\"><img loading=\"lazy\" decoding=\"async\" class=\"size-medium wp-image-25934 alignleft\" src=\"https:\/\/zaracaytv.com\/wp-content\/uploads\/2026\/03\/uoin-300x172.png\" alt=\"\" width=\"300\" height=\"172\" loading=\"lazy\" srcset=\"https:\/\/zaracaytv.com\/wp-content\/uploads\/2026\/03\/uoin-300x172.png 300w, https:\/\/zaracaytv.com\/wp-content\/uploads\/2026\/03\/uoin-1024x588.png 1024w, https:\/\/zaracaytv.com\/wp-content\/uploads\/2026\/03\/uoin-768x441.png 768w, https:\/\/zaracaytv.com\/wp-content\/uploads\/2026\/03\/uoin-1536x882.png 1536w, https:\/\/zaracaytv.com\/wp-content\/uploads\/2026\/03\/uoin-570x327.png 570w, https:\/\/zaracaytv.com\/wp-content\/uploads\/2026\/03\/uoin-270x155.png 270w, https:\/\/zaracaytv.com\/wp-content\/uploads\/2026\/03\/uoin.png 1601w\" sizes=\"auto, (max-width: 300px) 100vw, 300px\" \/>En Ecuador, desde el <strong data-start=\"159\" data-end=\"181\">1 de marzo de 2026<\/strong>, el <strong data-start=\"186\" data-end=\"223\">Servicio de Rentas Internas (SRI)<\/strong> implement\u00f3 una <strong data-start=\"239\" data-end=\"284\">retenci\u00f3n del 10% del Impuesto a la Renta<\/strong> sobre los pagos realizados a <strong data-start=\"314\" data-end=\"362\">influencers y creadores de contenido digital<\/strong>. En <strong data-start=\"367\" data-end=\"384\">Santo Domingo<\/strong>, varios productores de este tipo de material han manifestado su <strong data-start=\"449\" data-end=\"464\">descontento<\/strong>, al considerar que la medida afecta directamente sus ingresos.<\/p>\n<p data-start=\"531\" data-end=\"749\"><strong data-start=\"531\" data-end=\"548\">Frank Carri\u00f3n<\/strong>, quien cuenta con <strong data-start=\"567\" data-end=\"621\">seis a\u00f1os de experiencia como creador de contenido<\/strong>, se\u00f1ala que observa estos cambios con <strong data-start=\"660\" data-end=\"676\">preocupaci\u00f3n<\/strong>, debido al impacto que podr\u00edan tener en el desarrollo de su actividad.<\/p>\n<p data-start=\"751\" data-end=\"1047\">Esta disposici\u00f3n forma parte de la <strong data-start=\"786\" data-end=\"811\">Resoluci\u00f3n 09 del SRI<\/strong>, que establece modificaciones en las <strong data-start=\"849\" data-end=\"886\">tarifas de retenci\u00f3n en la fuente<\/strong>. La normativa tambi\u00e9n alcanza a otros sectores vinculados al <strong data-start=\"948\" data-end=\"971\">trabajo intelectual<\/strong>, como <strong data-start=\"978\" data-end=\"1044\">artistas, docentes, deportistas y profesionales independientes<\/strong>.<\/p>\n<p data-start=\"1049\" data-end=\"1325\">En este contexto, <strong data-start=\"1067\" data-end=\"1087\">Cristian Ar\u00edzaga<\/strong>, cantante con <strong data-start=\"1102\" data-end=\"1135\">m\u00e1s de 15 a\u00f1os de trayectoria<\/strong>, expres\u00f3 su <strong data-start=\"1148\" data-end=\"1165\">incertidumbre<\/strong>, argumentando que muchos artistas enfrentan dificultades para sostener sus carreras sin un mayor respaldo estatal frente a las nuevas exigencias tributarias.<img loading=\"lazy\" decoding=\"async\" class=\"size-medium wp-image-25935 alignleft\" src=\"https:\/\/zaracaytv.com\/wp-content\/uploads\/2026\/03\/yfhjk-300x181.png\" alt=\"\" width=\"300\" height=\"181\" loading=\"lazy\" srcset=\"https:\/\/zaracaytv.com\/wp-content\/uploads\/2026\/03\/yfhjk-300x181.png 300w, https:\/\/zaracaytv.com\/wp-content\/uploads\/2026\/03\/yfhjk-1024x616.png 1024w, https:\/\/zaracaytv.com\/wp-content\/uploads\/2026\/03\/yfhjk-768x462.png 768w, https:\/\/zaracaytv.com\/wp-content\/uploads\/2026\/03\/yfhjk-548x330.png 548w, https:\/\/zaracaytv.com\/wp-content\/uploads\/2026\/03\/yfhjk-270x163.png 270w, https:\/\/zaracaytv.com\/wp-content\/uploads\/2026\/03\/yfhjk.png 1173w\" sizes=\"auto, (max-width: 300px) 100vw, 300px\" \/><\/p>\n<p data-start=\"1327\" data-end=\"1749\">Por su parte, <strong data-start=\"1341\" data-end=\"1359\">Kerlin Caicedo<\/strong>, artista que recientemente se ha dedicado a la <strong data-start=\"1407\" data-end=\"1440\">creaci\u00f3n de contenido digital<\/strong>, considera que diversos cambios normativos, como las <strong data-start=\"1494\" data-end=\"1593\">reformas al C\u00f3digo Org\u00e1nico de Organizaci\u00f3n Territorial, Autonom\u00eda y Descentralizaci\u00f3n (Cootad)<\/strong> \u2014que limitan los presupuestos de los gobiernos locales para eventos culturales\u2014, tambi\u00e9n afectan las oportunidades laborales dentro del sector art\u00edstico.<\/p>\n<p data-start=\"1751\" data-end=\"1994\">Desde el \u00e1mbito t\u00e9cnico, la <strong data-start=\"1779\" data-end=\"1817\">experta contable Alexandra Moreano<\/strong> explic\u00f3 que la resoluci\u00f3n del SRI <strong data-start=\"1852\" data-end=\"1896\">no solo impacta a creadores de contenido<\/strong>, sino que tambi\u00e9n introduce ajustes en <strong data-start=\"1936\" data-end=\"1991\">otros sectores econ\u00f3micos, incluido el agropecuario<\/strong>.<\/p>\n<p data-start=\"1996\" data-end=\"2384\">De acuerdo con el <strong data-start=\"2014\" data-end=\"2045\">Servicio de Rentas Internas<\/strong>, esta disposici\u00f3n <strong data-start=\"2064\" data-end=\"2099\">no representa un nuevo impuesto<\/strong>, sino un <strong data-start=\"2109\" data-end=\"2145\">anticipo del Impuesto a la Renta<\/strong>. En la pr\u00e1ctica, cuando una empresa realiza pagos a un influencer o creador de contenido, deber\u00e1 <strong data-start=\"2243\" data-end=\"2283\">retener el 10% y transferirlo al SRI<\/strong>, monto que posteriormente podr\u00e1 ser utilizado como <strong data-start=\"2335\" data-end=\"2381\">cr\u00e9dito tributario en la declaraci\u00f3n anual<\/strong>.<\/p>\n<p data-start=\"2386\" data-end=\"2739\">Entre otros cambios contemplados en la resoluci\u00f3n, se establece el <strong data-start=\"2453\" data-end=\"2572\">aumento de la retenci\u00f3n sobre los intereses de p\u00f3lizas de acumulaci\u00f3n o dep\u00f3sitos a plazo fijo menores a seis meses<\/strong>, que pasa del <strong data-start=\"2587\" data-end=\"2599\">2% al 3%<\/strong>. Asimismo, se incorpora una <strong data-start=\"2628\" data-end=\"2679\">nueva tarifa del 5% para determinados servicios<\/strong>, eliminando en varios casos la anterior tasa del <strong data-start=\"2729\" data-end=\"2738\">2,75%<\/strong>.<\/p>\n<p><\/p>\n<\/body>","protected":false},"excerpt":{"rendered":"<p>En Ecuador, desde el 1 de marzo de 2026, el Servicio de Rentas Internas (SRI) implement\u00f3 una retenci\u00f3n del 10% del Impuesto a la Renta sobre los pagos realizados a influencers y creadores de contenido digital. En Santo Domingo, varios productores de este tipo de material han manifestado su descontento, al considerar que la medida [&hellip;]<\/p>\n","protected":false},"author":4,"featured_media":25935,"comment_status":"closed","ping_status":"closed","sticky":false,"template":"","format":"standard","meta":{"om_disable_all_campaigns":false,"_joinchat":[],"footnotes":""},"categories":[31],"tags":[],"class_list":["post-25933","post","type-post","status-publish","format-standard","has-post-thumbnail","hentry","category-la-region"],"_links":{"self":[{"href":"https:\/\/zaracaytv.com\/index.php?rest_route=\/wp\/v2\/posts\/25933","targetHints":{"allow":["GET"]}}],"collection":[{"href":"https:\/\/zaracaytv.com\/index.php?rest_route=\/wp\/v2\/posts"}],"about":[{"href":"https:\/\/zaracaytv.com\/index.php?rest_route=\/wp\/v2\/types\/post"}],"author":[{"embeddable":true,"href":"https:\/\/zaracaytv.com\/index.php?rest_route=\/wp\/v2\/users\/4"}],"replies":[{"embeddable":true,"href":"https:\/\/zaracaytv.com\/index.php?rest_route=%2Fwp%2Fv2%2Fcomments&post=25933"}],"version-history":[{"count":1,"href":"https:\/\/zaracaytv.com\/index.php?rest_route=\/wp\/v2\/posts\/25933\/revisions"}],"predecessor-version":[{"id":25936,"href":"https:\/\/zaracaytv.com\/index.php?rest_route=\/wp\/v2\/posts\/25933\/revisions\/25936"}],"wp:featuredmedia":[{"embeddable":true,"href":"https:\/\/zaracaytv.com\/index.php?rest_route=\/wp\/v2\/media\/25935"}],"wp:attachment":[{"href":"https:\/\/zaracaytv.com\/index.php?rest_route=%2Fwp%2Fv2%2Fmedia&parent=25933"}],"wp:term":[{"taxonomy":"category","embeddable":true,"href":"https:\/\/zaracaytv.com\/index.php?rest_route=%2Fwp%2Fv2%2Fcategories&post=25933"},{"taxonomy":"post_tag","embeddable":true,"href":"https:\/\/zaracaytv.com\/index.php?rest_route=%2Fwp%2Fv2%2Ftags&post=25933"}],"curies":[{"name":"wp","href":"https:\/\/api.w.org\/{rel}","templated":true}]}}