{"id":25929,"date":"2026-03-16T17:38:28","date_gmt":"2026-03-16T22:38:28","guid":{"rendered":"https:\/\/zaracaytv.com\/?p=25929"},"modified":"2026-03-16T17:38:28","modified_gmt":"2026-03-16T22:38:28","slug":"terminal-terrestre-ajusta-horarios-por-toque-de-queda","status":"publish","type":"post","link":"https:\/\/zaracaytv.com\/?p=25929","title":{"rendered":"TERMINAL TERRESTRE AJUSTA HORARIOS POR TOQUE DE QUEDA"},"content":{"rendered":"<body><p><\/p><img loading=\"lazy\" decoding=\"async\" class=\"size-medium wp-image-25930 alignleft\" src=\"https:\/\/zaracaytv.com\/wp-content\/uploads\/2026\/03\/rtu-1-300x160.png\" alt=\"\" width=\"300\" height=\"160\" loading=\"lazy\" srcset=\"https:\/\/zaracaytv.com\/wp-content\/uploads\/2026\/03\/rtu-1-300x160.png 300w, https:\/\/zaracaytv.com\/wp-content\/uploads\/2026\/03\/rtu-1-1024x545.png 1024w, https:\/\/zaracaytv.com\/wp-content\/uploads\/2026\/03\/rtu-1-768x409.png 768w, https:\/\/zaracaytv.com\/wp-content\/uploads\/2026\/03\/rtu-1-1536x818.png 1536w, https:\/\/zaracaytv.com\/wp-content\/uploads\/2026\/03\/rtu-1-570x304.png 570w, https:\/\/zaracaytv.com\/wp-content\/uploads\/2026\/03\/rtu-1-270x144.png 270w, https:\/\/zaracaytv.com\/wp-content\/uploads\/2026\/03\/rtu-1.png 1632w\" sizes=\"auto, (max-width: 300px) 100vw, 300px\" \/>De 5:30 am a 22:30 pm se estableci\u00f3 el nuevo horario de funcionamiento de la terminal terrestre de Santo Domingo ante el Toque de Queda que comenz\u00f3 a regir desde este 15 de marzo en la provincia. Carlos Rivadeneira, subsubdirector de la instituci\u00f3n, afirm\u00f3 que ante esta situaci\u00f3n durante la ma\u00f1ana de este lunes la afluencia de usuarios increment\u00f3. Se\u00f1al\u00f3 que a partir de las 22:00 la entidad debe estar desocupada y se restringe la circulaci\u00f3n tanto para transportistas como para el personal.\n<p>Rivadeneira enfatiz\u00f3 que ninguna de las cooperativas posee salvoconductos. Por lo cual recomend\u00f3 a los operadores de la unidades cumplir a rajatabla con el horario para evitar sanciones por el Toque de Queda.<img loading=\"lazy\" decoding=\"async\" class=\"size-medium wp-image-25931 alignright\" src=\"https:\/\/zaracaytv.com\/wp-content\/uploads\/2026\/03\/ry6uty-300x169.png\" alt=\"\" width=\"300\" height=\"169\" loading=\"lazy\" srcset=\"https:\/\/zaracaytv.com\/wp-content\/uploads\/2026\/03\/ry6uty-300x169.png 300w, https:\/\/zaracaytv.com\/wp-content\/uploads\/2026\/03\/ry6uty-1024x576.png 1024w, https:\/\/zaracaytv.com\/wp-content\/uploads\/2026\/03\/ry6uty-768x432.png 768w, https:\/\/zaracaytv.com\/wp-content\/uploads\/2026\/03\/ry6uty-1536x864.png 1536w, https:\/\/zaracaytv.com\/wp-content\/uploads\/2026\/03\/ry6uty-570x320.png 570w, https:\/\/zaracaytv.com\/wp-content\/uploads\/2026\/03\/ry6uty-270x152.png 270w, https:\/\/zaracaytv.com\/wp-content\/uploads\/2026\/03\/ry6uty.png 1638w\" sizes=\"auto, (max-width: 300px) 100vw, 300px\" \/><\/p>\n<p>Los conductores y viajeros manifestaron su molestia ante esta disposici\u00f3n debido a los inconvenientes con respecto a la limitaci\u00f3n de circulaci\u00f3n. Explican que es m\u00e1s complicado abordar las rutas interprovinciales, pues muchos viajan en la noche.<\/p>\n<p>Paralelo a esto, los usuarios de la terminal expusieron el problema que tienen con la nueva tecnolog\u00eda implementada para el pago de los parqueaderos. Se\u00f1alan que es demorado cancelar la ocupaci\u00f3n del espacio mediante las m\u00e1quinas por las constantes fallas<\/p>\n<p>Por parte de la terminal se manifest\u00f3 que el sistema no presenta fallas y que la ciudadan\u00eda se debe adaptar a este nuevo mecanismo para mejorar y actualizar el servicio dentro de la instituci\u00f3n. Adem\u00e1s, se analiza el incremento de frecuencias, pues muchos usuarios buscan viajar con tiempo hasta sus destinos, por lo cual la afluencia ha aumentado durante las ma\u00f1anas.<\/p>\n<\/body>","protected":false},"excerpt":{"rendered":"<p>De 5:30 am a 22:30 pm se estableci\u00f3 el nuevo horario de funcionamiento de la terminal terrestre de Santo Domingo ante el Toque de Queda que comenz\u00f3 a regir desde este 15 de marzo en la provincia. Carlos Rivadeneira, subsubdirector de la instituci\u00f3n, afirm\u00f3 que ante esta situaci\u00f3n durante la ma\u00f1ana de este lunes la [&hellip;]<\/p>\n","protected":false},"author":4,"featured_media":25930,"comment_status":"closed","ping_status":"closed","sticky":false,"template":"","format":"standard","meta":{"om_disable_all_campaigns":false,"_joinchat":[],"footnotes":""},"categories":[31],"tags":[],"class_list":["post-25929","post","type-post","status-publish","format-standard","has-post-thumbnail","hentry","category-la-region"],"_links":{"self":[{"href":"https:\/\/zaracaytv.com\/index.php?rest_route=\/wp\/v2\/posts\/25929","targetHints":{"allow":["GET"]}}],"collection":[{"href":"https:\/\/zaracaytv.com\/index.php?rest_route=\/wp\/v2\/posts"}],"about":[{"href":"https:\/\/zaracaytv.com\/index.php?rest_route=\/wp\/v2\/types\/post"}],"author":[{"embeddable":true,"href":"https:\/\/zaracaytv.com\/index.php?rest_route=\/wp\/v2\/users\/4"}],"replies":[{"embeddable":true,"href":"https:\/\/zaracaytv.com\/index.php?rest_route=%2Fwp%2Fv2%2Fcomments&post=25929"}],"version-history":[{"count":1,"href":"https:\/\/zaracaytv.com\/index.php?rest_route=\/wp\/v2\/posts\/25929\/revisions"}],"predecessor-version":[{"id":25932,"href":"https:\/\/zaracaytv.com\/index.php?rest_route=\/wp\/v2\/posts\/25929\/revisions\/25932"}],"wp:featuredmedia":[{"embeddable":true,"href":"https:\/\/zaracaytv.com\/index.php?rest_route=\/wp\/v2\/media\/25930"}],"wp:attachment":[{"href":"https:\/\/zaracaytv.com\/index.php?rest_route=%2Fwp%2Fv2%2Fmedia&parent=25929"}],"wp:term":[{"taxonomy":"category","embeddable":true,"href":"https:\/\/zaracaytv.com\/index.php?rest_route=%2Fwp%2Fv2%2Fcategories&post=25929"},{"taxonomy":"post_tag","embeddable":true,"href":"https:\/\/zaracaytv.com\/index.php?rest_route=%2Fwp%2Fv2%2Ftags&post=25929"}],"curies":[{"name":"wp","href":"https:\/\/api.w.org\/{rel}","templated":true}]}}