{"id":25912,"date":"2026-03-16T17:15:46","date_gmt":"2026-03-16T22:15:46","guid":{"rendered":"https:\/\/zaracaytv.com\/?p=25912"},"modified":"2026-03-16T17:15:46","modified_gmt":"2026-03-16T22:15:46","slug":"piden-reactivar-los-radares-por-el-aumento-de-la-siniestralidad","status":"publish","type":"post","link":"https:\/\/zaracaytv.com\/?p=25912","title":{"rendered":"PIDEN REACTIVAR LOS RADARES POR EL AUMENTO DE LA SINIESTRALIDAD"},"content":{"rendered":"<body><p><\/p><img loading=\"lazy\" decoding=\"async\" class=\"size-medium wp-image-25914 alignleft\" src=\"https:\/\/zaracaytv.com\/wp-content\/uploads\/2026\/03\/jo-300x146.png\" alt=\"\" width=\"300\" height=\"146\" loading=\"lazy\" srcset=\"https:\/\/zaracaytv.com\/wp-content\/uploads\/2026\/03\/jo-300x146.png 300w, https:\/\/zaracaytv.com\/wp-content\/uploads\/2026\/03\/jo-1024x498.png 1024w, https:\/\/zaracaytv.com\/wp-content\/uploads\/2026\/03\/jo-768x373.png 768w, https:\/\/zaracaytv.com\/wp-content\/uploads\/2026\/03\/jo-1536x746.png 1536w, https:\/\/zaracaytv.com\/wp-content\/uploads\/2026\/03\/jo-570x277.png 570w, https:\/\/zaracaytv.com\/wp-content\/uploads\/2026\/03\/jo-270x131.png 270w, https:\/\/zaracaytv.com\/wp-content\/uploads\/2026\/03\/jo.png 1601w\" sizes=\"auto, (max-width: 300px) 100vw, 300px\" \/>En Ecuador, los radares comenzaron a ser suspendidos a partir del inicio de 2025, lo que ha generado un debate sobre sus consecuencias en la seguridad vial. Juan Pablo Rosales, representante de la Coalici\u00f3n por la Movilidad Segura Ecuador, sostiene que esta medida ha contribuido al incremento de la siniestralidad en las v\u00edas y defiende su pronta reactivaci\u00f3n. Desde la Empresa P\u00fablica Municipal de Transporte de Santo Domingo (EPMT), se se\u00f1ala que, al comparar los datos con el a\u00f1o 2024 cuando estos dispositivos a\u00fan estaban operativos, con este a\u00f1o 2026, se registra un aumento del 20% en los accidentes de tr\u00e1nsito en los baipases. Rosales tambi\u00e9n advierte sobre rutas que representan un alto riesgo para los conductores.\n<p>Andr\u00e9s Bravo, exdirector provincial de la Agencia Nacional de Tr\u00e1nsito (ANT), no atribuye el aumento de siniestros exclusivamente a la suspensi\u00f3n de los radares, cree que la imprudencia al volante es el principal factor. Bravo estuvo a cargo de los operativos en los que se deshabilitaron estos dispositivos en Santo Domingo debido a irregularidades contractuales, falta de calibraci\u00f3n y ubicaci\u00f3n incorrecta, los cuales permanecen fuera<img loading=\"lazy\" decoding=\"async\" class=\"size-medium wp-image-25913 alignright\" src=\"https:\/\/zaracaytv.com\/wp-content\/uploads\/2026\/03\/hjbkj-300x169.png\" alt=\"\" width=\"300\" height=\"169\" loading=\"lazy\" srcset=\"https:\/\/zaracaytv.com\/wp-content\/uploads\/2026\/03\/hjbkj-300x169.png 300w, https:\/\/zaracaytv.com\/wp-content\/uploads\/2026\/03\/hjbkj-1024x576.png 1024w, https:\/\/zaracaytv.com\/wp-content\/uploads\/2026\/03\/hjbkj-768x432.png 768w, https:\/\/zaracaytv.com\/wp-content\/uploads\/2026\/03\/hjbkj-1536x864.png 1536w, https:\/\/zaracaytv.com\/wp-content\/uploads\/2026\/03\/hjbkj-570x320.png 570w, https:\/\/zaracaytv.com\/wp-content\/uploads\/2026\/03\/hjbkj-270x152.png 270w, https:\/\/zaracaytv.com\/wp-content\/uploads\/2026\/03\/hjbkj.png 1631w\" sizes=\"auto, (max-width: 300px) 100vw, 300px\" \/> de servicio hasta la actualidad.<\/p>\n<p>Seg\u00fan estad\u00edsticas de la EPMT-SD, los accidentes de tr\u00e1nsito en el cant\u00f3n han experimentado un preocupante incremento del 167% desde diciembre de 2025 hasta la actualidad. Entre las causas principales destacan el exceso de velocidad, las intensas lluvias, el consumo de alcohol y la conducci\u00f3n imprudente. A pesar de las diferencias de enfoque, ambos expertos coinciden en que los radares deben cumplir un prop\u00f3sito educativo antes que recaudatorio.<\/p>\n<p>Uno de los puntos m\u00e1s cr\u00edticos en el cant\u00f3n son los baipases, considerados avenidas particularmente congestionadas. Esta problem\u00e1tica no se limita a Santo Domingo, ya que el aumento en los accidentes viales se repite en varias provincias del pa\u00eds, con el exceso de velocidad como factor com\u00fan.<\/p>\n<p>\u00a0<\/p>\n<\/body>","protected":false},"excerpt":{"rendered":"<p>En Ecuador, los radares comenzaron a ser suspendidos a partir del inicio de 2025, lo que ha generado un debate sobre sus consecuencias en la seguridad vial. Juan Pablo Rosales, representante de la Coalici\u00f3n por la Movilidad Segura Ecuador, sostiene que esta medida ha contribuido al incremento de la siniestralidad en las v\u00edas y defiende [&hellip;]<\/p>\n","protected":false},"author":4,"featured_media":25913,"comment_status":"closed","ping_status":"closed","sticky":false,"template":"","format":"standard","meta":{"om_disable_all_campaigns":false,"_joinchat":[],"footnotes":""},"categories":[31],"tags":[],"class_list":["post-25912","post","type-post","status-publish","format-standard","has-post-thumbnail","hentry","category-la-region"],"_links":{"self":[{"href":"https:\/\/zaracaytv.com\/index.php?rest_route=\/wp\/v2\/posts\/25912","targetHints":{"allow":["GET"]}}],"collection":[{"href":"https:\/\/zaracaytv.com\/index.php?rest_route=\/wp\/v2\/posts"}],"about":[{"href":"https:\/\/zaracaytv.com\/index.php?rest_route=\/wp\/v2\/types\/post"}],"author":[{"embeddable":true,"href":"https:\/\/zaracaytv.com\/index.php?rest_route=\/wp\/v2\/users\/4"}],"replies":[{"embeddable":true,"href":"https:\/\/zaracaytv.com\/index.php?rest_route=%2Fwp%2Fv2%2Fcomments&post=25912"}],"version-history":[{"count":1,"href":"https:\/\/zaracaytv.com\/index.php?rest_route=\/wp\/v2\/posts\/25912\/revisions"}],"predecessor-version":[{"id":25915,"href":"https:\/\/zaracaytv.com\/index.php?rest_route=\/wp\/v2\/posts\/25912\/revisions\/25915"}],"wp:featuredmedia":[{"embeddable":true,"href":"https:\/\/zaracaytv.com\/index.php?rest_route=\/wp\/v2\/media\/25913"}],"wp:attachment":[{"href":"https:\/\/zaracaytv.com\/index.php?rest_route=%2Fwp%2Fv2%2Fmedia&parent=25912"}],"wp:term":[{"taxonomy":"category","embeddable":true,"href":"https:\/\/zaracaytv.com\/index.php?rest_route=%2Fwp%2Fv2%2Fcategories&post=25912"},{"taxonomy":"post_tag","embeddable":true,"href":"https:\/\/zaracaytv.com\/index.php?rest_route=%2Fwp%2Fv2%2Ftags&post=25912"}],"curies":[{"name":"wp","href":"https:\/\/api.w.org\/{rel}","templated":true}]}}