{"id":25908,"date":"2026-03-13T17:02:43","date_gmt":"2026-03-13T22:02:43","guid":{"rendered":"https:\/\/zaracaytv.com\/?p=25908"},"modified":"2026-03-13T17:03:22","modified_gmt":"2026-03-13T22:03:22","slug":"ant-reactiva-agendamiento-de-turnos-para-licencias-de-conducir-en-ecuador","status":"publish","type":"post","link":"https:\/\/zaracaytv.com\/?p=25908","title":{"rendered":"ANT REACTIVA AGENDAMIENTO DE TURNOS PARA LICENCIAS DE CONDUCIR EN ECUADOR"},"content":{"rendered":"<body><p><\/p>\n<p data-start=\"0\" data-end=\"263\"><img loading=\"lazy\" decoding=\"async\" class=\"alignleft\" src=\"https:\/\/imagenes.primicias.ec\/files\/og_thumbnail\/uploads\/2024\/06\/24\/66798d64e893a.jpeg\" alt=\"Todo sobre las licencias en Ecuador\u00b7 tipos, costos y requisitos en 2025\" width=\"432\" height=\"243\" loading=\"lazy\">Luego de m\u00e1s de un mes de suspensi\u00f3n, la <strong data-start=\"41\" data-end=\"79\">Agencia Nacional de Tr\u00e1nsito (ANT)<\/strong> reactiv\u00f3 el proceso de <strong data-start=\"103\" data-end=\"180\">agendamiento de turnos para obtener licencias de conducir en todo el pa\u00eds<\/strong>. El servicio volvi\u00f3 a estar disponible desde este <strong data-start=\"231\" data-end=\"262\">viernes 13 de marzo de 2026<\/strong>.<\/p>\n<p data-start=\"265\" data-end=\"490\">A trav\u00e9s de un comunicado, la instituci\u00f3n inform\u00f3 que las personas que ya contaban con un turno asignado deber\u00e1n <strong data-start=\"378\" data-end=\"448\">ingresar nuevamente al portal web de la ANT para reagendar su cita<\/strong>, sin necesidad de efectuar un nuevo pago.<\/p>\n<p data-start=\"492\" data-end=\"712\" data-is-last-node=\"\" data-is-only-node=\"\">Para completar el tr\u00e1mite, los usuarios deben acceder a la p\u00e1gina oficial de la entidad, dirigirse a la secci\u00f3n <strong data-start=\"604\" data-end=\"625\">\u201cturnos en l\u00ednea\u201d<\/strong> y seleccionar <strong data-start=\"640\" data-end=\"672\">el lugar, la fecha y la hora<\/strong> disponibles seg\u00fan su conveniencia.<\/p>\n<p><\/p>\n<\/body>","protected":false},"excerpt":{"rendered":"<p>Luego de m\u00e1s de un mes de suspensi\u00f3n, la Agencia Nacional de Tr\u00e1nsito (ANT) reactiv\u00f3 el proceso de agendamiento de turnos para obtener licencias de conducir en todo el pa\u00eds. El servicio volvi\u00f3 a estar disponible desde este viernes 13 de marzo de 2026. A trav\u00e9s de un comunicado, la instituci\u00f3n inform\u00f3 que las personas [&hellip;]<\/p>\n","protected":false},"author":4,"featured_media":25910,"comment_status":"closed","ping_status":"closed","sticky":false,"template":"","format":"standard","meta":{"om_disable_all_campaigns":false,"_joinchat":[],"footnotes":""},"categories":[30],"tags":[],"class_list":["post-25908","post","type-post","status-publish","format-standard","has-post-thumbnail","hentry","category-el-pais"],"_links":{"self":[{"href":"https:\/\/zaracaytv.com\/index.php?rest_route=\/wp\/v2\/posts\/25908","targetHints":{"allow":["GET"]}}],"collection":[{"href":"https:\/\/zaracaytv.com\/index.php?rest_route=\/wp\/v2\/posts"}],"about":[{"href":"https:\/\/zaracaytv.com\/index.php?rest_route=\/wp\/v2\/types\/post"}],"author":[{"embeddable":true,"href":"https:\/\/zaracaytv.com\/index.php?rest_route=\/wp\/v2\/users\/4"}],"replies":[{"embeddable":true,"href":"https:\/\/zaracaytv.com\/index.php?rest_route=%2Fwp%2Fv2%2Fcomments&post=25908"}],"version-history":[{"count":1,"href":"https:\/\/zaracaytv.com\/index.php?rest_route=\/wp\/v2\/posts\/25908\/revisions"}],"predecessor-version":[{"id":25909,"href":"https:\/\/zaracaytv.com\/index.php?rest_route=\/wp\/v2\/posts\/25908\/revisions\/25909"}],"wp:featuredmedia":[{"embeddable":true,"href":"https:\/\/zaracaytv.com\/index.php?rest_route=\/wp\/v2\/media\/25910"}],"wp:attachment":[{"href":"https:\/\/zaracaytv.com\/index.php?rest_route=%2Fwp%2Fv2%2Fmedia&parent=25908"}],"wp:term":[{"taxonomy":"category","embeddable":true,"href":"https:\/\/zaracaytv.com\/index.php?rest_route=%2Fwp%2Fv2%2Fcategories&post=25908"},{"taxonomy":"post_tag","embeddable":true,"href":"https:\/\/zaracaytv.com\/index.php?rest_route=%2Fwp%2Fv2%2Ftags&post=25908"}],"curies":[{"name":"wp","href":"https:\/\/api.w.org\/{rel}","templated":true}]}}