{"id":25892,"date":"2026-03-13T10:45:31","date_gmt":"2026-03-13T15:45:31","guid":{"rendered":"https:\/\/zaracaytv.com\/?p=25892"},"modified":"2026-03-13T10:45:31","modified_gmt":"2026-03-13T15:45:31","slug":"desde-este-12-de-marzo-subio-el-precio-de-las-gasolinas-y-el-diesel","status":"publish","type":"post","link":"https:\/\/zaracaytv.com\/?p=25892","title":{"rendered":"DESDE ESTE 12 DE MARZO SUBI\u00d3 EL PRECIO DE LAS GASOLINAS Y EL DI\u00c9SEL"},"content":{"rendered":"<body><p><\/p><img loading=\"lazy\" decoding=\"async\" class=\"size-medium wp-image-25893 alignleft\" src=\"https:\/\/zaracaytv.com\/wp-content\/uploads\/2026\/03\/detht-300x174.png\" alt=\"\" width=\"300\" height=\"174\" loading=\"lazy\" srcset=\"https:\/\/zaracaytv.com\/wp-content\/uploads\/2026\/03\/detht-300x174.png 300w, https:\/\/zaracaytv.com\/wp-content\/uploads\/2026\/03\/detht-1024x595.png 1024w, https:\/\/zaracaytv.com\/wp-content\/uploads\/2026\/03\/detht-768x446.png 768w, https:\/\/zaracaytv.com\/wp-content\/uploads\/2026\/03\/detht-568x330.png 568w, https:\/\/zaracaytv.com\/wp-content\/uploads\/2026\/03\/detht-270x157.png 270w, https:\/\/zaracaytv.com\/wp-content\/uploads\/2026\/03\/detht-1200x699.png 1200w, https:\/\/zaracaytv.com\/wp-content\/uploads\/2026\/03\/detht.png 1203w\" sizes=\"auto, (max-width: 300px) 100vw, 300px\" \/>Varios conductores se sorprendieron al llenar los tanques de sus veh\u00edculos con los nuevos precios de los combustibles. Estos ajustes responden al sistema de bandas implementado por el gobierno ecuatoriano tras la eliminaci\u00f3n de los subsidios al di\u00e9sel y las gasolinas. Las reacciones entre los transportistas no se hicieron esperar frente a estos cambios.\n<p>Adem\u00e1s, se\u00f1alaron que las autoridades deben reconsiderar los ajustes, dado el dif\u00edcil contexto econ\u00f3mico que atraviesa el pa\u00eds. Este impacto es a\u00fan m\u00e1s preocupante para peque\u00f1os consumidores como los repartidores a domicilio, quienes expresaron su inquietud ante el aumento de costos. El precio de la S\u00faper premium 95 pas\u00f3 de $3,19 a $3,41 por gal\u00f3n, la\u00a0 Extra y extra con etanol de $2,76 a $2,89 y el\u00a0 Di\u00e9sel premium: de $2,70 a $2,82. <img loading=\"lazy\" decoding=\"async\" class=\"size-medium wp-image-25894 alignright\" src=\"https:\/\/zaracaytv.com\/wp-content\/uploads\/2026\/03\/uijnp-300x171.png\" alt=\"\" width=\"300\" height=\"171\" loading=\"lazy\" srcset=\"https:\/\/zaracaytv.com\/wp-content\/uploads\/2026\/03\/uijnp-300x171.png 300w, https:\/\/zaracaytv.com\/wp-content\/uploads\/2026\/03\/uijnp-1024x585.png 1024w, https:\/\/zaracaytv.com\/wp-content\/uploads\/2026\/03\/uijnp-768x438.png 768w, https:\/\/zaracaytv.com\/wp-content\/uploads\/2026\/03\/uijnp-570x325.png 570w, https:\/\/zaracaytv.com\/wp-content\/uploads\/2026\/03\/uijnp-270x154.png 270w, https:\/\/zaracaytv.com\/wp-content\/uploads\/2026\/03\/uijnp.png 1212w\" sizes=\"auto, (max-width: 300px) 100vw, 300px\" \/><\/p>\n<p>La eliminaci\u00f3n del subsidio fue decretada por el presidente Daniel Noboa el 13 de septiembre de 2025. Como consecuencia, han variado poreriormente por fluctuaciones en su costo.<\/p>\n<\/body>","protected":false},"excerpt":{"rendered":"<p>Varios conductores se sorprendieron al llenar los tanques de sus veh\u00edculos con los nuevos precios de los combustibles. Estos ajustes responden al sistema de bandas implementado por el gobierno ecuatoriano tras la eliminaci\u00f3n de los subsidios al di\u00e9sel y las gasolinas. Las reacciones entre los transportistas no se hicieron esperar frente a estos cambios. Adem\u00e1s, [&hellip;]<\/p>\n","protected":false},"author":4,"featured_media":25893,"comment_status":"closed","ping_status":"closed","sticky":false,"template":"","format":"standard","meta":{"om_disable_all_campaigns":false,"_joinchat":[],"footnotes":""},"categories":[31],"tags":[],"class_list":["post-25892","post","type-post","status-publish","format-standard","has-post-thumbnail","hentry","category-la-region"],"_links":{"self":[{"href":"https:\/\/zaracaytv.com\/index.php?rest_route=\/wp\/v2\/posts\/25892","targetHints":{"allow":["GET"]}}],"collection":[{"href":"https:\/\/zaracaytv.com\/index.php?rest_route=\/wp\/v2\/posts"}],"about":[{"href":"https:\/\/zaracaytv.com\/index.php?rest_route=\/wp\/v2\/types\/post"}],"author":[{"embeddable":true,"href":"https:\/\/zaracaytv.com\/index.php?rest_route=\/wp\/v2\/users\/4"}],"replies":[{"embeddable":true,"href":"https:\/\/zaracaytv.com\/index.php?rest_route=%2Fwp%2Fv2%2Fcomments&post=25892"}],"version-history":[{"count":1,"href":"https:\/\/zaracaytv.com\/index.php?rest_route=\/wp\/v2\/posts\/25892\/revisions"}],"predecessor-version":[{"id":25895,"href":"https:\/\/zaracaytv.com\/index.php?rest_route=\/wp\/v2\/posts\/25892\/revisions\/25895"}],"wp:featuredmedia":[{"embeddable":true,"href":"https:\/\/zaracaytv.com\/index.php?rest_route=\/wp\/v2\/media\/25893"}],"wp:attachment":[{"href":"https:\/\/zaracaytv.com\/index.php?rest_route=%2Fwp%2Fv2%2Fmedia&parent=25892"}],"wp:term":[{"taxonomy":"category","embeddable":true,"href":"https:\/\/zaracaytv.com\/index.php?rest_route=%2Fwp%2Fv2%2Fcategories&post=25892"},{"taxonomy":"post_tag","embeddable":true,"href":"https:\/\/zaracaytv.com\/index.php?rest_route=%2Fwp%2Fv2%2Ftags&post=25892"}],"curies":[{"name":"wp","href":"https:\/\/api.w.org\/{rel}","templated":true}]}}