{"id":25883,"date":"2026-03-12T18:07:23","date_gmt":"2026-03-12T23:07:23","guid":{"rendered":"https:\/\/zaracaytv.com\/?p=25883"},"modified":"2026-03-12T18:07:53","modified_gmt":"2026-03-12T23:07:53","slug":"la-epmt-sd-anuncio-la-exoneracion-de-multas-por-la-rtv-para-el-digito-1","status":"publish","type":"post","link":"https:\/\/zaracaytv.com\/?p=25883","title":{"rendered":"LA EPMT-SD ANUNCI\u00d3 LA EXONERACI\u00d3N DE MULTAS POR LA RTV PARA EL D\u00cdGITO 1"},"content":{"rendered":"<body><p><\/p><span style=\"font-weight: 400;\"><img loading=\"lazy\" decoding=\"async\" class=\"size-medium wp-image-25884 alignright\" src=\"https:\/\/zaracaytv.com\/wp-content\/uploads\/2026\/03\/etdgj-300x174.png\" alt=\"\" width=\"300\" height=\"174\" loading=\"lazy\" srcset=\"https:\/\/zaracaytv.com\/wp-content\/uploads\/2026\/03\/etdgj-300x174.png 300w, https:\/\/zaracaytv.com\/wp-content\/uploads\/2026\/03\/etdgj-1024x594.png 1024w, https:\/\/zaracaytv.com\/wp-content\/uploads\/2026\/03\/etdgj-768x445.png 768w, https:\/\/zaracaytv.com\/wp-content\/uploads\/2026\/03\/etdgj-570x330.png 570w, https:\/\/zaracaytv.com\/wp-content\/uploads\/2026\/03\/etdgj-270x157.png 270w, https:\/\/zaracaytv.com\/wp-content\/uploads\/2026\/03\/etdgj.png 1183w\" sizes=\"auto, (max-width: 300px) 100vw, 300px\" \/>La Empresa P\u00fablica Municipal de Transporte anunci\u00f3 que desde este jueves 12 de marzo se suspende el cobro de multas por recalendarizaci\u00f3n de la revisi\u00f3n t\u00e9cnica vehicular (RTV) para los veh\u00edculos cuyas placas terminan en el d\u00edgito 1. La medida fue adoptada por recomendaci\u00f3n de la Agencia Nacional de Tr\u00e1nsito (ANT), emitida durante esta semana.\u00a0<\/span>\n<p><span style=\"font-weight: 400;\">Seg\u00fan el director t\u00e9cnico de la entidad, la disposici\u00f3n ya fue notificada a los agentes civiles de tr\u00e1nsito con el fin de evitar sanciones a los conductores. Esto se da luego de que algunos usuarios denunciaran presunta persecuci\u00f3n por parte de los vigilantes al momento de los controles en la ciudad. En Santo Domingo, la multa por no realizar la revisi\u00f3n t\u00e9cnica vehicular en el mes que corresponde a la calendarizaci\u00f3n nacional es de 25 d\u00f3lares. No obstante, con la nueva disposici\u00f3n, los conductores con placas terminadas en 1 no deber\u00e1n cancelar este valor mientras se mantenga la medida.<\/span><\/p>\n<p><span style=\"font-weight: 400;\">Usuarios consultados aprobaron la decisi\u00f3n y se\u00f1alaron que los inconvenientes se originan por problemas en las disposiciones de las autoridades nacionales y no por responsabilidad de los propietarios de los veh\u00edculos.<\/span><\/p>\n<p><span style=\"font-weight: 400;\">El funcionario explic\u00f3 adem\u00e1s que el proceso de revisi\u00f3n se facilita cuando el tr\u00e1mite se ha realizado dentro del mismo cant\u00f3n. Sin embargo, cuando la revisi\u00f3n fue efectuada en otra ciudad suelen presentarse inconvenientes en el sistema. En cuanto a la matriculaci\u00f3n vehicular, indic\u00f3 que a\u00fan esperan que la ANT habilite la plataforma para continuar con ese procedimiento.<\/span><\/p>\n<p>\u00a0<\/p>\n<p><iframe title=\"LA REGI\u00d3N - LA EPMT-SD ANUNCI\u00d3 LA EXONERACI\u00d3N DE MULTAS POR LA RTV PARA EL D\u00cdGITO 1\" width=\"800\" height=\"450\" src=\"https:\/\/www.youtube.com\/embed\/v_Six5dzTQ4?feature=oembed\" frameborder=\"0\" allow=\"accelerometer; autoplay; clipboard-write; encrypted-media; gyroscope; picture-in-picture; web-share\" referrerpolicy=\"strict-origin-when-cross-origin\" allowfullscreen><\/iframe><\/p>\n<\/body>","protected":false},"excerpt":{"rendered":"<p>La Empresa P\u00fablica Municipal de Transporte anunci\u00f3 que desde este jueves 12 de marzo se suspende el cobro de multas por recalendarizaci\u00f3n de la revisi\u00f3n t\u00e9cnica vehicular (RTV) para los veh\u00edculos cuyas placas terminan en el d\u00edgito 1. La medida fue adoptada por recomendaci\u00f3n de la Agencia Nacional de Tr\u00e1nsito (ANT), emitida durante esta semana.\u00a0 [&hellip;]<\/p>\n","protected":false},"author":4,"featured_media":25884,"comment_status":"closed","ping_status":"closed","sticky":false,"template":"","format":"standard","meta":{"om_disable_all_campaigns":false,"_joinchat":[],"footnotes":""},"categories":[31],"tags":[],"class_list":["post-25883","post","type-post","status-publish","format-standard","has-post-thumbnail","hentry","category-la-region"],"_links":{"self":[{"href":"https:\/\/zaracaytv.com\/index.php?rest_route=\/wp\/v2\/posts\/25883","targetHints":{"allow":["GET"]}}],"collection":[{"href":"https:\/\/zaracaytv.com\/index.php?rest_route=\/wp\/v2\/posts"}],"about":[{"href":"https:\/\/zaracaytv.com\/index.php?rest_route=\/wp\/v2\/types\/post"}],"author":[{"embeddable":true,"href":"https:\/\/zaracaytv.com\/index.php?rest_route=\/wp\/v2\/users\/4"}],"replies":[{"embeddable":true,"href":"https:\/\/zaracaytv.com\/index.php?rest_route=%2Fwp%2Fv2%2Fcomments&post=25883"}],"version-history":[{"count":1,"href":"https:\/\/zaracaytv.com\/index.php?rest_route=\/wp\/v2\/posts\/25883\/revisions"}],"predecessor-version":[{"id":25885,"href":"https:\/\/zaracaytv.com\/index.php?rest_route=\/wp\/v2\/posts\/25883\/revisions\/25885"}],"wp:featuredmedia":[{"embeddable":true,"href":"https:\/\/zaracaytv.com\/index.php?rest_route=\/wp\/v2\/media\/25884"}],"wp:attachment":[{"href":"https:\/\/zaracaytv.com\/index.php?rest_route=%2Fwp%2Fv2%2Fmedia&parent=25883"}],"wp:term":[{"taxonomy":"category","embeddable":true,"href":"https:\/\/zaracaytv.com\/index.php?rest_route=%2Fwp%2Fv2%2Fcategories&post=25883"},{"taxonomy":"post_tag","embeddable":true,"href":"https:\/\/zaracaytv.com\/index.php?rest_route=%2Fwp%2Fv2%2Ftags&post=25883"}],"curies":[{"name":"wp","href":"https:\/\/api.w.org\/{rel}","templated":true}]}}