{"id":25873,"date":"2026-03-12T17:32:05","date_gmt":"2026-03-12T22:32:05","guid":{"rendered":"https:\/\/zaracaytv.com\/?p=25873"},"modified":"2026-03-12T17:32:29","modified_gmt":"2026-03-12T22:32:29","slug":"los-comerciantes-de-alluriquin-podran-expender-licor-artesanal","status":"publish","type":"post","link":"https:\/\/zaracaytv.com\/?p=25873","title":{"rendered":"LOS COMERCIANTES DE ALLURIQU\u00cdN PODR\u00c1N EXPENDER LICOR ARTESANAL"},"content":{"rendered":"<body><p><\/p><span style=\"font-weight: 400;\"><img loading=\"lazy\" decoding=\"async\" class=\"size-medium wp-image-25874 alignleft\" src=\"https:\/\/zaracaytv.com\/wp-content\/uploads\/2026\/03\/hj-1-300x160.png\" alt=\"\" width=\"300\" height=\"160\" loading=\"lazy\" srcset=\"https:\/\/zaracaytv.com\/wp-content\/uploads\/2026\/03\/hj-1-300x160.png 300w, https:\/\/zaracaytv.com\/wp-content\/uploads\/2026\/03\/hj-1-1024x547.png 1024w, https:\/\/zaracaytv.com\/wp-content\/uploads\/2026\/03\/hj-1-768x410.png 768w, https:\/\/zaracaytv.com\/wp-content\/uploads\/2026\/03\/hj-1-1536x820.png 1536w, https:\/\/zaracaytv.com\/wp-content\/uploads\/2026\/03\/hj-1-570x304.png 570w, https:\/\/zaracaytv.com\/wp-content\/uploads\/2026\/03\/hj-1-270x144.png 270w, https:\/\/zaracaytv.com\/wp-content\/uploads\/2026\/03\/hj-1.png 1573w\" sizes=\"auto, (max-width: 300px) 100vw, 300px\" \/>Los comerciantes de Alluriqu\u00edn ya pueden exhibir sus productos en la parte frontal de sus negocios. Esto se da tras los di\u00e1logos mantenidos con la Intendencia de Polic\u00eda. Ahora esperan que el comercio mejore. Sin embargo, esta disposici\u00f3n tambi\u00e9n contempla algunas condiciones, como que solo podr\u00e1n trabajar hasta las 00:00, que los art\u00edculos se exhiban en menor cantidad y que cuenten con los permisos correspondientes, se\u00f1al\u00f3 Gladis Andrade, presidenta de la Asociaci\u00f3n Tierrita Dulce.<\/span>\n<p><span style=\"font-weight: 400;\">Los comerciantes explican que tienen altas expectativas de reactivarse, pues durante los \u00faltimos meses las p\u00e9rdidas han alcanzado hasta un 80 % debido a los cierres temporales de la v\u00eda Al\u00f3ag\u2013Santo Domingo por los trabajos de rebacheo. Adem\u00e1s, indicaron que durante el pasado feriado la venta de productos fue escasa. <img loading=\"lazy\" decoding=\"async\" class=\"size-medium wp-image-25875 alignright\" src=\"https:\/\/zaracaytv.com\/wp-content\/uploads\/2026\/03\/dfht-300x172.png\" alt=\"\" width=\"300\" height=\"172\" loading=\"lazy\" srcset=\"https:\/\/zaracaytv.com\/wp-content\/uploads\/2026\/03\/dfht-300x172.png 300w, https:\/\/zaracaytv.com\/wp-content\/uploads\/2026\/03\/dfht-1024x588.png 1024w, https:\/\/zaracaytv.com\/wp-content\/uploads\/2026\/03\/dfht-768x441.png 768w, https:\/\/zaracaytv.com\/wp-content\/uploads\/2026\/03\/dfht-570x327.png 570w, https:\/\/zaracaytv.com\/wp-content\/uploads\/2026\/03\/dfht-270x155.png 270w, https:\/\/zaracaytv.com\/wp-content\/uploads\/2026\/03\/dfht.png 1193w\" sizes=\"auto, (max-width: 300px) 100vw, 300px\" \/><\/span><\/p>\n<p><span style=\"font-weight: 400;\">No obstante, con la ampliaci\u00f3n a cuatro carriles de la v\u00eda, los comerciantes esperan que las ventas se incrementen. Se\u00f1alan que la obra es importante, ya que la llegada de veh\u00edculos podr\u00eda duplicarse.<\/span><\/p>\n<p><span style=\"font-weight: 400;\">Los propietarios de negocios buscan que las ventas mejoren en el pr\u00f3ximo feriado, por lo que solicitan a las autoridades locales promocionar el sector comercial de la parroquia, con el fin de dar a conocer los productos artesanales que ofrecen.<\/span><\/p>\n<\/body>","protected":false},"excerpt":{"rendered":"<p>Los comerciantes de Alluriqu\u00edn ya pueden exhibir sus productos en la parte frontal de sus negocios. Esto se da tras los di\u00e1logos mantenidos con la Intendencia de Polic\u00eda. Ahora esperan que el comercio mejore. Sin embargo, esta disposici\u00f3n tambi\u00e9n contempla algunas condiciones, como que solo podr\u00e1n trabajar hasta las 00:00, que los art\u00edculos se exhiban [&hellip;]<\/p>\n","protected":false},"author":4,"featured_media":25874,"comment_status":"closed","ping_status":"closed","sticky":false,"template":"","format":"standard","meta":{"om_disable_all_campaigns":false,"_joinchat":[],"footnotes":""},"categories":[31],"tags":[],"class_list":["post-25873","post","type-post","status-publish","format-standard","has-post-thumbnail","hentry","category-la-region"],"_links":{"self":[{"href":"https:\/\/zaracaytv.com\/index.php?rest_route=\/wp\/v2\/posts\/25873","targetHints":{"allow":["GET"]}}],"collection":[{"href":"https:\/\/zaracaytv.com\/index.php?rest_route=\/wp\/v2\/posts"}],"about":[{"href":"https:\/\/zaracaytv.com\/index.php?rest_route=\/wp\/v2\/types\/post"}],"author":[{"embeddable":true,"href":"https:\/\/zaracaytv.com\/index.php?rest_route=\/wp\/v2\/users\/4"}],"replies":[{"embeddable":true,"href":"https:\/\/zaracaytv.com\/index.php?rest_route=%2Fwp%2Fv2%2Fcomments&post=25873"}],"version-history":[{"count":2,"href":"https:\/\/zaracaytv.com\/index.php?rest_route=\/wp\/v2\/posts\/25873\/revisions"}],"predecessor-version":[{"id":25877,"href":"https:\/\/zaracaytv.com\/index.php?rest_route=\/wp\/v2\/posts\/25873\/revisions\/25877"}],"wp:featuredmedia":[{"embeddable":true,"href":"https:\/\/zaracaytv.com\/index.php?rest_route=\/wp\/v2\/media\/25874"}],"wp:attachment":[{"href":"https:\/\/zaracaytv.com\/index.php?rest_route=%2Fwp%2Fv2%2Fmedia&parent=25873"}],"wp:term":[{"taxonomy":"category","embeddable":true,"href":"https:\/\/zaracaytv.com\/index.php?rest_route=%2Fwp%2Fv2%2Fcategories&post=25873"},{"taxonomy":"post_tag","embeddable":true,"href":"https:\/\/zaracaytv.com\/index.php?rest_route=%2Fwp%2Fv2%2Ftags&post=25873"}],"curies":[{"name":"wp","href":"https:\/\/api.w.org\/{rel}","templated":true}]}}