{"id":25862,"date":"2026-03-11T11:41:16","date_gmt":"2026-03-11T16:41:16","guid":{"rendered":"https:\/\/zaracaytv.com\/?p=25862"},"modified":"2026-03-11T12:03:00","modified_gmt":"2026-03-11T17:03:00","slug":"las-principales-cadenas-de-electrodomesticos-del-pais-se-unen-en-la-super-feria-electroshow-2026","status":"publish","type":"post","link":"https:\/\/zaracaytv.com\/?p=25862","title":{"rendered":"LAS PRINCIPALES CADENAS DE ELECTRODOM\u00c9STICOS DEL PA\u00cdS SE UNEN EN LA S\u00daPER FERIA ELECTROSHOW 2026"},"content":{"rendered":"<body><p><\/p>\n<div class=\"flex flex-col text-sm pb-25\">\n<article class=\"text-token-text-primary w-full focus:outline-none [--shadow-height:45px] has-data-writing-block:pointer-events-none has-data-writing-block:-mt-(--shadow-height) has-data-writing-block:pt-(--shadow-height) [&amp;:has([data-writing-block])&gt;*]:pointer-events-auto scroll-mt-[calc(var(--header-height)+min(200px,max(70px,20svh)))]\" dir=\"auto\" tabindex=\"-1\" data-turn-id=\"request-WEB:5ccd3573-3cde-45d0-af8f-057654ad055d-8\" data-testid=\"conversation-turn-18\" data-scroll-anchor=\"true\" data-turn=\"assistant\">\n<div class=\"text-base my-auto mx-auto pb-10 [--thread-content-margin:var(--thread-content-margin-xs,calc(var(--spacing)*4))] @w-sm\/main:[--thread-content-margin:var(--thread-content-margin-sm,calc(var(--spacing)*6))] @w-lg\/main:[--thread-content-margin:var(--thread-content-margin-lg,calc(var(--spacing)*16))] px-(--thread-content-margin)\">\n<div class=\"[--thread-content-max-width:40rem] @w-lg\/main:[--thread-content-max-width:48rem] mx-auto max-w-(--thread-content-max-width) flex-1 group\/turn-messages focus-visible:outline-hidden relative flex w-full min-w-0 flex-col agent-turn\" tabindex=\"-1\">\n<div class=\"flex max-w-full flex-col gap-4 grow\">\n<div class=\"min-h-8 text-message relative flex w-full flex-col items-end gap-2 text-start break-words whitespace-normal [.text-message+&amp;]:mt-1\" dir=\"auto\" data-message-author-role=\"assistant\" data-message-id=\"d87c532f-fcc0-4458-8fd8-fb038cc5a8cd\" data-message-model-slug=\"gpt-5-3\">\n<div class=\"flex w-full flex-col gap-1 empty:hidden\">\n<div class=\"markdown prose dark:prose-invert w-full wrap-break-word light markdown-new-styling\">\n<p data-start=\"102\" data-end=\"579\"><img loading=\"lazy\" decoding=\"async\" class=\"size-medium wp-image-25865 alignleft\" src=\"https:\/\/zaracaytv.com\/wp-content\/uploads\/2026\/03\/Foto-Institucional-final-1-300x172.png\" alt=\"\" width=\"300\" height=\"172\" loading=\"lazy\" srcset=\"https:\/\/zaracaytv.com\/wp-content\/uploads\/2026\/03\/Foto-Institucional-final-1-300x172.png 300w, https:\/\/zaracaytv.com\/wp-content\/uploads\/2026\/03\/Foto-Institucional-final-1-1024x586.png 1024w, https:\/\/zaracaytv.com\/wp-content\/uploads\/2026\/03\/Foto-Institucional-final-1-768x439.png 768w, https:\/\/zaracaytv.com\/wp-content\/uploads\/2026\/03\/Foto-Institucional-final-1-1536x878.png 1536w, https:\/\/zaracaytv.com\/wp-content\/uploads\/2026\/03\/Foto-Institucional-final-1-2048x1171.png 2048w, https:\/\/zaracaytv.com\/wp-content\/uploads\/2026\/03\/Foto-Institucional-final-1-570x326.png 570w, https:\/\/zaracaytv.com\/wp-content\/uploads\/2026\/03\/Foto-Institucional-final-1-270x154.png 270w\" sizes=\"auto, (max-width: 300px) 100vw, 300px\" \/>Las principales cadenas de electrodom\u00e9sticos y tecnolog\u00eda del Ecuador participar\u00e1n en la <strong data-start=\"191\" data-end=\"223\">S\u00faper Feria Electroshow 2026<\/strong>, un evento que reunir\u00e1 en un solo espacio a reconocidas marcas del sector para ofrecer a los consumidores una experiencia de compra, innovaci\u00f3n y entretenimiento. La feria se desarrollar\u00e1 <strong data-start=\"412\" data-end=\"437\">del 25 al 29 de marzo<\/strong>, de manera simult\u00e1nea en <strong data-start=\"463\" data-end=\"490\">Guayaquil, en Expoplaza<\/strong>, y en <strong data-start=\"497\" data-end=\"536\">Quito, en el Centro de Exposiciones<\/strong>, con <strong data-start=\"542\" data-end=\"578\">entrada gratuita para el p\u00fablico<\/strong>.<\/p>\n<p data-start=\"581\" data-end=\"936\">La iniciativa es impulsada por la <strong data-start=\"615\" data-end=\"686\">Asociaci\u00f3n de Almacenes de Electrodom\u00e9sticos del Ecuador (ASADELEC)<\/strong> y contar\u00e1 con la participaci\u00f3n de importantes cadenas como <strong data-start=\"746\" data-end=\"830\">Artefacta, Comandato, Crecos, Jaher, La Ganga, Marcimex, Orve Hogar y Todo Hogar<\/strong>, que presentar\u00e1n una amplia oferta de productos tecnol\u00f3gicos, electrodom\u00e9sticos y promociones especiales.<\/p>\n<p data-start=\"938\" data-end=\"1224\">Durante los cinco d\u00edas de feria, los asistentes podr\u00e1n <strong data-start=\"993\" data-end=\"1108\">comparar ofertas, conocer las \u00faltimas tendencias en tecnolog\u00eda para el hogar y acceder a asesor\u00eda especializada<\/strong>, especialmente en categor\u00edas como televisores de \u00faltima generaci\u00f3n, equipos electr\u00f3nicos y art\u00edculos para el hogar.<\/p>\n<p data-start=\"1226\" data-end=\"1470\" data-is-last-node=\"\" data-is-only-node=\"\">Adem\u00e1s de las promociones comerciales, el evento busca convertirse en un espacio de encuentro entre consumidores y empresas del sector, fortaleciendo la din\u00e1mica comercial y promoviendo la innovaci\u00f3n en el mercado de electrodom\u00e9sticos del pa\u00eds.<\/p>\n<\/div>\n<\/div>\n<\/div>\n<\/div>\n<div class=\"z-0 flex min-h-[46px] justify-start\"><\/div>\n<div class=\"mt-3 w-full empty:hidden\">\n<div class=\"text-center\">\n<div style=\"width: 800px;\" class=\"wp-video\"><video class=\"wp-video-shortcode\" id=\"video-25862-1\" width=\"800\" height=\"160\" preload=\"metadata\" controls=\"controls\"><source type=\"video\/mp4\" src=\"https:\/\/zaracaytv.com\/wp-content\/uploads\/2026\/01\/Television.mp4?_=1\" \/><a href=\"https:\/\/zaracaytv.com\/wp-content\/uploads\/2026\/01\/Television.mp4\">https:\/\/zaracaytv.com\/wp-content\/uploads\/2026\/01\/Television.mp4<\/a><\/video><\/div>\n<\/div>\n<\/div>\n<\/div>\n<\/div>\n<\/article>\n<\/div>\n<div class=\"pointer-events-none h-px w-px absolute bottom-0\" aria-hidden=\"true\" data-edge=\"true\"><\/div>\n<p><\/p>\n<\/body>","protected":false},"excerpt":{"rendered":"<p>Las principales cadenas de electrodom\u00e9sticos y tecnolog\u00eda del Ecuador participar\u00e1n en la S\u00faper Feria Electroshow 2026, un evento que reunir\u00e1 en un solo espacio a reconocidas marcas del sector para ofrecer a los consumidores una experiencia de compra, innovaci\u00f3n y entretenimiento. La feria se desarrollar\u00e1 del 25 al 29 de marzo, de manera simult\u00e1nea en [&hellip;]<\/p>\n","protected":false},"author":4,"featured_media":25865,"comment_status":"closed","ping_status":"closed","sticky":false,"template":"","format":"standard","meta":{"om_disable_all_campaigns":false,"_joinchat":[],"footnotes":""},"categories":[31,1],"tags":[],"class_list":["post-25862","post","type-post","status-publish","format-standard","has-post-thumbnail","hentry","category-la-region","category-uncategorized"],"_links":{"self":[{"href":"https:\/\/zaracaytv.com\/index.php?rest_route=\/wp\/v2\/posts\/25862","targetHints":{"allow":["GET"]}}],"collection":[{"href":"https:\/\/zaracaytv.com\/index.php?rest_route=\/wp\/v2\/posts"}],"about":[{"href":"https:\/\/zaracaytv.com\/index.php?rest_route=\/wp\/v2\/types\/post"}],"author":[{"embeddable":true,"href":"https:\/\/zaracaytv.com\/index.php?rest_route=\/wp\/v2\/users\/4"}],"replies":[{"embeddable":true,"href":"https:\/\/zaracaytv.com\/index.php?rest_route=%2Fwp%2Fv2%2Fcomments&post=25862"}],"version-history":[{"count":3,"href":"https:\/\/zaracaytv.com\/index.php?rest_route=\/wp\/v2\/posts\/25862\/revisions"}],"predecessor-version":[{"id":25867,"href":"https:\/\/zaracaytv.com\/index.php?rest_route=\/wp\/v2\/posts\/25862\/revisions\/25867"}],"wp:featuredmedia":[{"embeddable":true,"href":"https:\/\/zaracaytv.com\/index.php?rest_route=\/wp\/v2\/media\/25865"}],"wp:attachment":[{"href":"https:\/\/zaracaytv.com\/index.php?rest_route=%2Fwp%2Fv2%2Fmedia&parent=25862"}],"wp:term":[{"taxonomy":"category","embeddable":true,"href":"https:\/\/zaracaytv.com\/index.php?rest_route=%2Fwp%2Fv2%2Fcategories&post=25862"},{"taxonomy":"post_tag","embeddable":true,"href":"https:\/\/zaracaytv.com\/index.php?rest_route=%2Fwp%2Fv2%2Ftags&post=25862"}],"curies":[{"name":"wp","href":"https:\/\/api.w.org\/{rel}","templated":true}]}}