{"id":25855,"date":"2026-03-10T11:42:48","date_gmt":"2026-03-10T16:42:48","guid":{"rendered":"https:\/\/zaracaytv.com\/?p=25855"},"modified":"2026-03-10T11:42:48","modified_gmt":"2026-03-10T16:42:48","slug":"este-sabado-se-realizaron-las-elecciones-legislativas-en-colombia","status":"publish","type":"post","link":"https:\/\/zaracaytv.com\/?p=25855","title":{"rendered":"ESTE S\u00c1BADO SE REALIZARON LAS ELECCIONES LEGISLATIVAS EN COLOMBIA"},"content":{"rendered":"<body><p><\/p><span style=\"font-weight: 400;\"><img loading=\"lazy\" decoding=\"async\" class=\"size-medium wp-image-25856 alignleft\" src=\"https:\/\/zaracaytv.com\/wp-content\/uploads\/2026\/03\/GYHK-300x187.png\" alt=\"\" width=\"300\" height=\"187\" loading=\"lazy\" srcset=\"https:\/\/zaracaytv.com\/wp-content\/uploads\/2026\/03\/GYHK-300x187.png 300w, https:\/\/zaracaytv.com\/wp-content\/uploads\/2026\/03\/GYHK-1024x638.png 1024w, https:\/\/zaracaytv.com\/wp-content\/uploads\/2026\/03\/GYHK-768x479.png 768w, https:\/\/zaracaytv.com\/wp-content\/uploads\/2026\/03\/GYHK-529x330.png 529w, https:\/\/zaracaytv.com\/wp-content\/uploads\/2026\/03\/GYHK-270x168.png 270w, https:\/\/zaracaytv.com\/wp-content\/uploads\/2026\/03\/GYHK.png 1136w\" sizes=\"auto, (max-width: 300px) 100vw, 300px\" \/>Los colombianos acudieron a las urnas este domingo 8 de marzo. La participaci\u00f3n ciudadana aument\u00f3 significativamente, con 20,4 millones de votantes para el Senado, casi tres millones m\u00e1s que en 2022. Como resultados se registra que la coalici\u00f3n Pacto Hist\u00f3rico, se consolid\u00f3 como la mayor fuerza pol\u00edtica en el Senado, reforzando su presencia legislativa con 25 esca\u00f1os. La oposici\u00f3n, liderada por Centro Democr\u00e1tico: logr\u00f3 una recuperaci\u00f3n importante obteniendo 17 curules. El c\u00f3nsul de Colombia en Ecuador, Jonathan P\u00e9rez, dio m\u00e1s detalles de esta fiesta en el pa\u00eds.<\/span>\n<p><span style=\"font-weight: 400;\">Las elecciones legislativas en Colombia de 2026 se celebraron para renovar la totalidad del Congreso de la Rep\u00fablica para el periodo 2026-2030. Para este proceso 41 millones de colombianos estaban habilitados. <img loading=\"lazy\" decoding=\"async\" class=\"size-medium wp-image-25857 alignright\" src=\"https:\/\/zaracaytv.com\/wp-content\/uploads\/2026\/03\/GTYIY-300x169.png\" alt=\"\" width=\"300\" height=\"169\" loading=\"lazy\" srcset=\"https:\/\/zaracaytv.com\/wp-content\/uploads\/2026\/03\/GTYIY-300x169.png 300w, https:\/\/zaracaytv.com\/wp-content\/uploads\/2026\/03\/GTYIY-1024x578.png 1024w, https:\/\/zaracaytv.com\/wp-content\/uploads\/2026\/03\/GTYIY-768x434.png 768w, https:\/\/zaracaytv.com\/wp-content\/uploads\/2026\/03\/GTYIY-570x322.png 570w, https:\/\/zaracaytv.com\/wp-content\/uploads\/2026\/03\/GTYIY-270x152.png 270w, https:\/\/zaracaytv.com\/wp-content\/uploads\/2026\/03\/GTYIY.png 1208w\" sizes=\"auto, (max-width: 300px) 100vw, 300px\" \/><\/span><\/p>\n<p><span style=\"font-weight: 400;\">P\u00e9rez explic\u00f3 que Colombia cuenta con seis consulados principales en Ecuador, ubicados en Quito, Guayaquil, Tulc\u00e1n, Nueva Loja (Lago Agrio), Esmeraldas y Santo Domingo de los Ts\u00e1chilas, para brindar atenci\u00f3n y tr\u00e1mites a ciudadanos. En esta \u00faltima localidad, cerca de 6 mil colombianos estuvieron habilitados.\u00a0<\/span><\/p>\n<p><span style=\"font-weight: 400;\">La cita democr\u00e1tica se dio para elegir 103 senadores y 188 Representantes a la C\u00e1mara. Entre los aspectos que se destacan es que agrupaciones pol\u00edticas como \u201cLa Fuerza del Pueblo\u201d logr\u00f3 asegurar dos curules cercanas en la C\u00e1mara de Representantes.<\/span><\/p>\n<\/body>","protected":false},"excerpt":{"rendered":"<p>Los colombianos acudieron a las urnas este domingo 8 de marzo. La participaci\u00f3n ciudadana aument\u00f3 significativamente, con 20,4 millones de votantes para el Senado, casi tres millones m\u00e1s que en 2022. Como resultados se registra que la coalici\u00f3n Pacto Hist\u00f3rico, se consolid\u00f3 como la mayor fuerza pol\u00edtica en el Senado, reforzando su presencia legislativa con [&hellip;]<\/p>\n","protected":false},"author":4,"featured_media":25856,"comment_status":"closed","ping_status":"closed","sticky":false,"template":"","format":"standard","meta":{"om_disable_all_campaigns":false,"_joinchat":[],"footnotes":""},"categories":[31],"tags":[],"class_list":["post-25855","post","type-post","status-publish","format-standard","has-post-thumbnail","hentry","category-la-region"],"_links":{"self":[{"href":"https:\/\/zaracaytv.com\/index.php?rest_route=\/wp\/v2\/posts\/25855","targetHints":{"allow":["GET"]}}],"collection":[{"href":"https:\/\/zaracaytv.com\/index.php?rest_route=\/wp\/v2\/posts"}],"about":[{"href":"https:\/\/zaracaytv.com\/index.php?rest_route=\/wp\/v2\/types\/post"}],"author":[{"embeddable":true,"href":"https:\/\/zaracaytv.com\/index.php?rest_route=\/wp\/v2\/users\/4"}],"replies":[{"embeddable":true,"href":"https:\/\/zaracaytv.com\/index.php?rest_route=%2Fwp%2Fv2%2Fcomments&post=25855"}],"version-history":[{"count":1,"href":"https:\/\/zaracaytv.com\/index.php?rest_route=\/wp\/v2\/posts\/25855\/revisions"}],"predecessor-version":[{"id":25858,"href":"https:\/\/zaracaytv.com\/index.php?rest_route=\/wp\/v2\/posts\/25855\/revisions\/25858"}],"wp:featuredmedia":[{"embeddable":true,"href":"https:\/\/zaracaytv.com\/index.php?rest_route=\/wp\/v2\/media\/25856"}],"wp:attachment":[{"href":"https:\/\/zaracaytv.com\/index.php?rest_route=%2Fwp%2Fv2%2Fmedia&parent=25855"}],"wp:term":[{"taxonomy":"category","embeddable":true,"href":"https:\/\/zaracaytv.com\/index.php?rest_route=%2Fwp%2Fv2%2Fcategories&post=25855"},{"taxonomy":"post_tag","embeddable":true,"href":"https:\/\/zaracaytv.com\/index.php?rest_route=%2Fwp%2Fv2%2Ftags&post=25855"}],"curies":[{"name":"wp","href":"https:\/\/api.w.org\/{rel}","templated":true}]}}