{"id":25833,"date":"2026-03-10T11:16:26","date_gmt":"2026-03-10T16:16:26","guid":{"rendered":"https:\/\/zaracaytv.com\/?p=25833"},"modified":"2026-03-10T11:22:08","modified_gmt":"2026-03-10T16:22:08","slug":"2-casas-resultaron-danadas-durante-la-emergencia-en-el-paraiso","status":"publish","type":"post","link":"https:\/\/zaracaytv.com\/?p=25833","title":{"rendered":"2 CASAS RESULTARON DA\u00d1ADAS DURANTE LA EMERGENCIA EN EL PARA\u00cdSO"},"content":{"rendered":"<body><p><\/p><span style=\"font-weight: 400;\"><img loading=\"lazy\" decoding=\"async\" class=\"size-medium wp-image-25836 alignleft\" src=\"https:\/\/zaracaytv.com\/wp-content\/uploads\/2026\/03\/GFJU-300x168.png\" alt=\"\" width=\"300\" height=\"168\" loading=\"lazy\" srcset=\"https:\/\/zaracaytv.com\/wp-content\/uploads\/2026\/03\/GFJU-300x168.png 300w, https:\/\/zaracaytv.com\/wp-content\/uploads\/2026\/03\/GFJU-1024x572.png 1024w, https:\/\/zaracaytv.com\/wp-content\/uploads\/2026\/03\/GFJU-768x429.png 768w, https:\/\/zaracaytv.com\/wp-content\/uploads\/2026\/03\/GFJU-1536x858.png 1536w, https:\/\/zaracaytv.com\/wp-content\/uploads\/2026\/03\/GFJU-570x318.png 570w, https:\/\/zaracaytv.com\/wp-content\/uploads\/2026\/03\/GFJU-270x151.png 270w, https:\/\/zaracaytv.com\/wp-content\/uploads\/2026\/03\/GFJU.png 1609w\" sizes=\"auto, (max-width: 300px) 100vw, 300px\" \/>Dos viviendas resultaron afectadas en el sector El Para\u00edso, perteneciente a Alluriqu\u00edn, en Santo Domingo de los Ts\u00e1chilas, tras las lluvias registradas este 8 de marzo. Tatiana Murillo, una de las afectadas, manifest\u00f3 que perdi\u00f3 una bicicleta y que una nevera se le da\u00f1\u00f3 durante la emergencia. Ella solicita ayuda para recuperar sus enseres.<\/span>\n<p><span style=\"font-weight: 400;\">El Cuerpo de Bomberos de Santo Domingo inform\u00f3 que no hubo personas heridas ni fallecidas durante la emergencia, solo da\u00f1os materiales. Sin embargo, recomend\u00f3 a la ciudadan\u00eda tomar las debidas precauciones, como mantenerse atentos a los canales oficiales, tener una mochila con provisiones y reforzar la seguridad en las viviendas.<img loading=\"lazy\" decoding=\"async\" class=\"size-medium wp-image-25838 alignright\" src=\"https:\/\/zaracaytv.com\/wp-content\/uploads\/2026\/03\/HUJL-1-300x169.png\" alt=\"\" width=\"300\" height=\"169\" loading=\"lazy\" srcset=\"https:\/\/zaracaytv.com\/wp-content\/uploads\/2026\/03\/HUJL-1-300x169.png 300w, https:\/\/zaracaytv.com\/wp-content\/uploads\/2026\/03\/HUJL-1-1024x577.png 1024w, https:\/\/zaracaytv.com\/wp-content\/uploads\/2026\/03\/HUJL-1-768x433.png 768w, https:\/\/zaracaytv.com\/wp-content\/uploads\/2026\/03\/HUJL-1-1536x865.png 1536w, https:\/\/zaracaytv.com\/wp-content\/uploads\/2026\/03\/HUJL-1-570x321.png 570w, https:\/\/zaracaytv.com\/wp-content\/uploads\/2026\/03\/HUJL-1-270x152.png 270w, https:\/\/zaracaytv.com\/wp-content\/uploads\/2026\/03\/HUJL-1.png 1610w\" sizes=\"auto, (max-width: 300px) 100vw, 300px\" \/><\/span><\/p>\n<p><span style=\"font-weight: 400;\">Hasta las casas de los afectados lleg\u00f3 personal del Patronato Municipal de Santo Domingo para brindar asistencia. Patricia Zambrano, directora de esta entidad, manifest\u00f3 que en caso de emergencia las personas perjudicadas pueden solicitar ayuda a trav\u00e9s del ECU 911.<\/span><\/p>\n<p><span style=\"font-weight: 400;\"><img loading=\"lazy\" decoding=\"async\" class=\"size-medium wp-image-25840 alignleft\" src=\"https:\/\/zaracaytv.com\/wp-content\/uploads\/2026\/03\/ETY-300x162.png\" alt=\"\" width=\"300\" height=\"162\" loading=\"lazy\" srcset=\"https:\/\/zaracaytv.com\/wp-content\/uploads\/2026\/03\/ETY-300x162.png 300w, https:\/\/zaracaytv.com\/wp-content\/uploads\/2026\/03\/ETY-1024x555.png 1024w, https:\/\/zaracaytv.com\/wp-content\/uploads\/2026\/03\/ETY-768x416.png 768w, https:\/\/zaracaytv.com\/wp-content\/uploads\/2026\/03\/ETY-1536x832.png 1536w, https:\/\/zaracaytv.com\/wp-content\/uploads\/2026\/03\/ETY-570x309.png 570w, https:\/\/zaracaytv.com\/wp-content\/uploads\/2026\/03\/ETY-270x146.png 270w, https:\/\/zaracaytv.com\/wp-content\/uploads\/2026\/03\/ETY.png 1625w\" sizes=\"auto, (max-width: 300px) 100vw, 300px\" \/>Los habitantes explicaron que las lluvias provocaron el desbordamiento de r\u00edos, inundaciones y derrumbes en varios puntos de Alluriqu\u00edn. Uno de los sectores m\u00e1s afectados fue el recinto El Mem\u00e9, donde uno de los puentes de la localidad colaps\u00f3, seg\u00fan informaron los moradores.<\/span><\/p>\n<p>\u00a0<\/p>\n<\/body>","protected":false},"excerpt":{"rendered":"<p>Dos viviendas resultaron afectadas en el sector El Para\u00edso, perteneciente a Alluriqu\u00edn, en Santo Domingo de los Ts\u00e1chilas, tras las lluvias registradas este 8 de marzo. Tatiana Murillo, una de las afectadas, manifest\u00f3 que perdi\u00f3 una bicicleta y que una nevera se le da\u00f1\u00f3 durante la emergencia. Ella solicita ayuda para recuperar sus enseres. El [&hellip;]<\/p>\n","protected":false},"author":4,"featured_media":25838,"comment_status":"closed","ping_status":"closed","sticky":false,"template":"","format":"standard","meta":{"om_disable_all_campaigns":false,"_joinchat":[],"footnotes":""},"categories":[31],"tags":[],"class_list":["post-25833","post","type-post","status-publish","format-standard","has-post-thumbnail","hentry","category-la-region"],"_links":{"self":[{"href":"https:\/\/zaracaytv.com\/index.php?rest_route=\/wp\/v2\/posts\/25833","targetHints":{"allow":["GET"]}}],"collection":[{"href":"https:\/\/zaracaytv.com\/index.php?rest_route=\/wp\/v2\/posts"}],"about":[{"href":"https:\/\/zaracaytv.com\/index.php?rest_route=\/wp\/v2\/types\/post"}],"author":[{"embeddable":true,"href":"https:\/\/zaracaytv.com\/index.php?rest_route=\/wp\/v2\/users\/4"}],"replies":[{"embeddable":true,"href":"https:\/\/zaracaytv.com\/index.php?rest_route=%2Fwp%2Fv2%2Fcomments&post=25833"}],"version-history":[{"count":3,"href":"https:\/\/zaracaytv.com\/index.php?rest_route=\/wp\/v2\/posts\/25833\/revisions"}],"predecessor-version":[{"id":25841,"href":"https:\/\/zaracaytv.com\/index.php?rest_route=\/wp\/v2\/posts\/25833\/revisions\/25841"}],"wp:featuredmedia":[{"embeddable":true,"href":"https:\/\/zaracaytv.com\/index.php?rest_route=\/wp\/v2\/media\/25838"}],"wp:attachment":[{"href":"https:\/\/zaracaytv.com\/index.php?rest_route=%2Fwp%2Fv2%2Fmedia&parent=25833"}],"wp:term":[{"taxonomy":"category","embeddable":true,"href":"https:\/\/zaracaytv.com\/index.php?rest_route=%2Fwp%2Fv2%2Fcategories&post=25833"},{"taxonomy":"post_tag","embeddable":true,"href":"https:\/\/zaracaytv.com\/index.php?rest_route=%2Fwp%2Fv2%2Ftags&post=25833"}],"curies":[{"name":"wp","href":"https:\/\/api.w.org\/{rel}","templated":true}]}}