{"id":24592,"date":"2025-12-23T13:33:28","date_gmt":"2025-12-23T18:33:28","guid":{"rendered":"https:\/\/zaracaytv.com\/?p=24592"},"modified":"2025-12-23T13:33:28","modified_gmt":"2025-12-23T18:33:28","slug":"los-artesanos-invitan-a-comprar-sus-productos-en-los-bajos-del-municipio","status":"publish","type":"post","link":"https:\/\/zaracaytv.com\/?p=24592","title":{"rendered":"LOS ARTESANOS INVITAN A COMPRAR SUS PRODUCTOS EN LOS BAJOS DEL MUNICIPIO"},"content":{"rendered":"<body><p><\/p><span style=\"font-weight: 400;\"><img loading=\"lazy\" decoding=\"async\" class=\"size-medium wp-image-24593 alignleft\" src=\"https:\/\/zaracaytv.com\/wp-content\/uploads\/2025\/12\/ryu-300x171.png\" alt=\"\" width=\"300\" height=\"171\" loading=\"lazy\" srcset=\"https:\/\/zaracaytv.com\/wp-content\/uploads\/2025\/12\/ryu-300x171.png 300w, https:\/\/zaracaytv.com\/wp-content\/uploads\/2025\/12\/ryu-1024x584.png 1024w, https:\/\/zaracaytv.com\/wp-content\/uploads\/2025\/12\/ryu-768x438.png 768w, https:\/\/zaracaytv.com\/wp-content\/uploads\/2025\/12\/ryu-1536x877.png 1536w, https:\/\/zaracaytv.com\/wp-content\/uploads\/2025\/12\/ryu-570x325.png 570w, https:\/\/zaracaytv.com\/wp-content\/uploads\/2025\/12\/ryu-270x154.png 270w, https:\/\/zaracaytv.com\/wp-content\/uploads\/2025\/12\/ryu.png 1589w\" sizes=\"auto, (max-width: 300px) 100vw, 300px\" \/>Desde este lunes 22 hasta el mi\u00e9rcoles 24 de diciembre, estar\u00e1n los artesanos ofreciendo sus productos en los bajos del Municipio de Santo Domingo. Ellos invitan a la ciudadan\u00eda a visitarlos en 3 d\u00edas para que adquieran sus productos, los cuales muchos de ellos son elaborados con mucho esfuerzo.\u00a0<\/span>\n<p><span style=\"font-weight: 400;\">Son cerca de 20 personas las que ofrecen sus artesan\u00edas al p\u00fablico y lo hacen con todo tipo de productos con precios c\u00f3modos y de todo alcance. Comprar para regalar a sus seres queridos es uno de sus motivos de acudir a estos espacios. <img loading=\"lazy\" decoding=\"async\" class=\"size-medium wp-image-24594 alignright\" src=\"https:\/\/zaracaytv.com\/wp-content\/uploads\/2025\/12\/redty-300x162.png\" alt=\"\" width=\"300\" height=\"162\" loading=\"lazy\" srcset=\"https:\/\/zaracaytv.com\/wp-content\/uploads\/2025\/12\/redty-300x162.png 300w, https:\/\/zaracaytv.com\/wp-content\/uploads\/2025\/12\/redty-1024x554.png 1024w, https:\/\/zaracaytv.com\/wp-content\/uploads\/2025\/12\/redty-768x415.png 768w, https:\/\/zaracaytv.com\/wp-content\/uploads\/2025\/12\/redty-1536x831.png 1536w, https:\/\/zaracaytv.com\/wp-content\/uploads\/2025\/12\/redty-570x308.png 570w, https:\/\/zaracaytv.com\/wp-content\/uploads\/2025\/12\/redty-270x146.png 270w, https:\/\/zaracaytv.com\/wp-content\/uploads\/2025\/12\/redty.png 1562w\" sizes=\"auto, (max-width: 300px) 100vw, 300px\" \/><\/span><\/p>\n<p><span style=\"font-weight: 400;\">As\u00ed tambi\u00e9n los clientes mantienen la tradici\u00f3n de apoyar y comprar en estos espacios.\u00a0<\/span><\/p>\n<p><span style=\"font-weight: 400;\">Los artesanos siempre se activan estos d\u00edas especiales para muchas personas. Ellos esperan que la ciudadan\u00eda los apoye para de esta manera sacar a sus familias adelante.\u00a0<\/span><\/p>\n<\/body>","protected":false},"excerpt":{"rendered":"<p>Desde este lunes 22 hasta el mi\u00e9rcoles 24 de diciembre, estar\u00e1n los artesanos ofreciendo sus productos en los bajos del Municipio de Santo Domingo. Ellos invitan a la ciudadan\u00eda a visitarlos en 3 d\u00edas para que adquieran sus productos, los cuales muchos de ellos son elaborados con mucho esfuerzo.\u00a0 Son cerca de 20 personas las [&hellip;]<\/p>\n","protected":false},"author":4,"featured_media":24594,"comment_status":"closed","ping_status":"closed","sticky":false,"template":"","format":"standard","meta":{"om_disable_all_campaigns":false,"_joinchat":[],"footnotes":""},"categories":[31],"tags":[],"class_list":["post-24592","post","type-post","status-publish","format-standard","has-post-thumbnail","hentry","category-la-region"],"_links":{"self":[{"href":"https:\/\/zaracaytv.com\/index.php?rest_route=\/wp\/v2\/posts\/24592","targetHints":{"allow":["GET"]}}],"collection":[{"href":"https:\/\/zaracaytv.com\/index.php?rest_route=\/wp\/v2\/posts"}],"about":[{"href":"https:\/\/zaracaytv.com\/index.php?rest_route=\/wp\/v2\/types\/post"}],"author":[{"embeddable":true,"href":"https:\/\/zaracaytv.com\/index.php?rest_route=\/wp\/v2\/users\/4"}],"replies":[{"embeddable":true,"href":"https:\/\/zaracaytv.com\/index.php?rest_route=%2Fwp%2Fv2%2Fcomments&post=24592"}],"version-history":[{"count":1,"href":"https:\/\/zaracaytv.com\/index.php?rest_route=\/wp\/v2\/posts\/24592\/revisions"}],"predecessor-version":[{"id":24595,"href":"https:\/\/zaracaytv.com\/index.php?rest_route=\/wp\/v2\/posts\/24592\/revisions\/24595"}],"wp:featuredmedia":[{"embeddable":true,"href":"https:\/\/zaracaytv.com\/index.php?rest_route=\/wp\/v2\/media\/24594"}],"wp:attachment":[{"href":"https:\/\/zaracaytv.com\/index.php?rest_route=%2Fwp%2Fv2%2Fmedia&parent=24592"}],"wp:term":[{"taxonomy":"category","embeddable":true,"href":"https:\/\/zaracaytv.com\/index.php?rest_route=%2Fwp%2Fv2%2Fcategories&post=24592"},{"taxonomy":"post_tag","embeddable":true,"href":"https:\/\/zaracaytv.com\/index.php?rest_route=%2Fwp%2Fv2%2Ftags&post=24592"}],"curies":[{"name":"wp","href":"https:\/\/api.w.org\/{rel}","templated":true}]}}