{"id":24588,"date":"2025-12-23T12:37:28","date_gmt":"2025-12-23T17:37:28","guid":{"rendered":"https:\/\/zaracaytv.com\/?p=24588"},"modified":"2025-12-23T12:37:28","modified_gmt":"2025-12-23T17:37:28","slug":"la-unidad-educativa-holger-velastegui-dominguez-celebro-la-navidad","status":"publish","type":"post","link":"https:\/\/zaracaytv.com\/?p=24588","title":{"rendered":"LA UNIDAD EDUCATIVA H\u00d3LGER VELASTEGU\u00cd DOM\u00cdNGUEZ CELEBR\u00d3 LA NAVIDAD"},"content":{"rendered":"<body><p><\/p><img loading=\"lazy\" decoding=\"async\" class=\"size-medium wp-image-24589 alignleft\" src=\"https:\/\/zaracaytv.com\/wp-content\/uploads\/2025\/12\/46-300x176.png\" alt=\"\" width=\"300\" height=\"176\" loading=\"lazy\" srcset=\"https:\/\/zaracaytv.com\/wp-content\/uploads\/2025\/12\/46-300x176.png 300w, https:\/\/zaracaytv.com\/wp-content\/uploads\/2025\/12\/46-1024x601.png 1024w, https:\/\/zaracaytv.com\/wp-content\/uploads\/2025\/12\/46-768x450.png 768w, https:\/\/zaracaytv.com\/wp-content\/uploads\/2025\/12\/46-563x330.png 563w, https:\/\/zaracaytv.com\/wp-content\/uploads\/2025\/12\/46-270x158.png 270w, https:\/\/zaracaytv.com\/wp-content\/uploads\/2025\/12\/46.png 1492w\" sizes=\"auto, (max-width: 300px) 100vw, 300px\" \/>Uno de los eventos m\u00e1s importantes de la Unidad Educativa H\u00f3lger Velastegu\u00ed Dom\u00ednguez se desarroll\u00f3 este lunes 22 de diciembre. La comunidad decidi\u00f3 celebrar la Navidad como todos los a\u00f1os y que se hace tambi\u00e9n para recordar al fundador de este templo educativo, el exalcalde de Santo Domingo, H\u00f3lger Velastegu\u00ed Dom\u00ednguez. Para este d\u00eda los diferentes niveles prepararon presentaciones art\u00edsticas, mientras los ni\u00f1os m\u00e1s peque\u00f1os solo disfrutaban.\n<p>Toda la comunidad educativa se mostr\u00f3 entusiasmada. Aqu\u00ed estudian alrededor de 320 menores desde inicial 1 a 7mo a\u00f1o de educaci\u00f3n b\u00e1sica. Los padres de familia acudieron a acompa\u00f1ar a sus hijos. <img loading=\"lazy\" decoding=\"async\" class=\"size-medium wp-image-24590 alignright\" src=\"https:\/\/zaracaytv.com\/wp-content\/uploads\/2025\/12\/uip0-300x168.png\" alt=\"\" width=\"300\" height=\"168\" loading=\"lazy\" srcset=\"https:\/\/zaracaytv.com\/wp-content\/uploads\/2025\/12\/uip0-300x168.png 300w, https:\/\/zaracaytv.com\/wp-content\/uploads\/2025\/12\/uip0-1024x573.png 1024w, https:\/\/zaracaytv.com\/wp-content\/uploads\/2025\/12\/uip0-768x430.png 768w, https:\/\/zaracaytv.com\/wp-content\/uploads\/2025\/12\/uip0-1536x860.png 1536w, https:\/\/zaracaytv.com\/wp-content\/uploads\/2025\/12\/uip0-570x319.png 570w, https:\/\/zaracaytv.com\/wp-content\/uploads\/2025\/12\/uip0-270x151.png 270w, https:\/\/zaracaytv.com\/wp-content\/uploads\/2025\/12\/uip0.png 1613w\" sizes=\"auto, (max-width: 300px) 100vw, 300px\" \/><\/p>\n<p>Aqu\u00ed desde los primeros d\u00edas de diciembre empiezan con los ensayos. Dan lo mejor para disfrutar la navidad.<\/p>\n<p>Las danzas y presentaciones art\u00edsticas tambi\u00e9n se robaron los aplausos. Los ni\u00f1os y ni\u00f1as fueron quienes se alegraron con la entrega de los regalos y fundas de caramelos. Todos deseando una feliz navidad y un pr\u00f3spero a\u00f1o nuevo.<\/p>\n<\/body>","protected":false},"excerpt":{"rendered":"<p>Uno de los eventos m\u00e1s importantes de la Unidad Educativa H\u00f3lger Velastegu\u00ed Dom\u00ednguez se desarroll\u00f3 este lunes 22 de diciembre. La comunidad decidi\u00f3 celebrar la Navidad como todos los a\u00f1os y que se hace tambi\u00e9n para recordar al fundador de este templo educativo, el exalcalde de Santo Domingo, H\u00f3lger Velastegu\u00ed Dom\u00ednguez. Para este d\u00eda los [&hellip;]<\/p>\n","protected":false},"author":4,"featured_media":24590,"comment_status":"closed","ping_status":"closed","sticky":false,"template":"","format":"standard","meta":{"om_disable_all_campaigns":false,"_joinchat":[],"footnotes":""},"categories":[25],"tags":[],"class_list":["post-24588","post","type-post","status-publish","format-standard","has-post-thumbnail","hentry","category-la-comunidad"],"_links":{"self":[{"href":"https:\/\/zaracaytv.com\/index.php?rest_route=\/wp\/v2\/posts\/24588","targetHints":{"allow":["GET"]}}],"collection":[{"href":"https:\/\/zaracaytv.com\/index.php?rest_route=\/wp\/v2\/posts"}],"about":[{"href":"https:\/\/zaracaytv.com\/index.php?rest_route=\/wp\/v2\/types\/post"}],"author":[{"embeddable":true,"href":"https:\/\/zaracaytv.com\/index.php?rest_route=\/wp\/v2\/users\/4"}],"replies":[{"embeddable":true,"href":"https:\/\/zaracaytv.com\/index.php?rest_route=%2Fwp%2Fv2%2Fcomments&post=24588"}],"version-history":[{"count":1,"href":"https:\/\/zaracaytv.com\/index.php?rest_route=\/wp\/v2\/posts\/24588\/revisions"}],"predecessor-version":[{"id":24591,"href":"https:\/\/zaracaytv.com\/index.php?rest_route=\/wp\/v2\/posts\/24588\/revisions\/24591"}],"wp:featuredmedia":[{"embeddable":true,"href":"https:\/\/zaracaytv.com\/index.php?rest_route=\/wp\/v2\/media\/24590"}],"wp:attachment":[{"href":"https:\/\/zaracaytv.com\/index.php?rest_route=%2Fwp%2Fv2%2Fmedia&parent=24588"}],"wp:term":[{"taxonomy":"category","embeddable":true,"href":"https:\/\/zaracaytv.com\/index.php?rest_route=%2Fwp%2Fv2%2Fcategories&post=24588"},{"taxonomy":"post_tag","embeddable":true,"href":"https:\/\/zaracaytv.com\/index.php?rest_route=%2Fwp%2Fv2%2Ftags&post=24588"}],"curies":[{"name":"wp","href":"https:\/\/api.w.org\/{rel}","templated":true}]}}