{"id":24584,"date":"2025-12-23T12:31:38","date_gmt":"2025-12-23T17:31:38","guid":{"rendered":"https:\/\/zaracaytv.com\/?p=24584"},"modified":"2025-12-23T12:31:38","modified_gmt":"2025-12-23T17:31:38","slug":"los-vendedores-informales-se-tomaron-la-calle-ambato","status":"publish","type":"post","link":"https:\/\/zaracaytv.com\/?p=24584","title":{"rendered":"LOS VENDEDORES INFORMALES SE TOMARON LA CALLE AMBATO"},"content":{"rendered":"<body><p><\/p><img loading=\"lazy\" decoding=\"async\" class=\"size-medium wp-image-24585 alignleft\" src=\"https:\/\/zaracaytv.com\/wp-content\/uploads\/2025\/12\/fhyjt-300x164.png\" alt=\"\" width=\"300\" height=\"164\" loading=\"lazy\" srcset=\"https:\/\/zaracaytv.com\/wp-content\/uploads\/2025\/12\/fhyjt-300x164.png 300w, https:\/\/zaracaytv.com\/wp-content\/uploads\/2025\/12\/fhyjt-1024x559.png 1024w, https:\/\/zaracaytv.com\/wp-content\/uploads\/2025\/12\/fhyjt-768x419.png 768w, https:\/\/zaracaytv.com\/wp-content\/uploads\/2025\/12\/fhyjt-1536x838.png 1536w, https:\/\/zaracaytv.com\/wp-content\/uploads\/2025\/12\/fhyjt-570x311.png 570w, https:\/\/zaracaytv.com\/wp-content\/uploads\/2025\/12\/fhyjt-270x147.png 270w, https:\/\/zaracaytv.com\/wp-content\/uploads\/2025\/12\/fhyjt.png 1606w\" sizes=\"auto, (max-width: 300px) 100vw, 300px\" \/>Mediante un operativo mancomunado la calle Ambato fue despejada por los organismos de control de Santo Domingo. Esto tras una denuncia recibida, donde se explicaba que los vendedores informales se hab\u00edan tomado este acceso. Por lo cual se intervino de urgencia el punto para habilitar el paso para los veh\u00edculos, explic\u00f3 Kl\u00e9ber Paladines, director de los Agentes de Control.\n<p>Alrededor de 15 vendedores informales fueron retirados de uno de los tramos que se encontraba cerrado, manifest\u00f3 Eduardo Garc\u00eda, subinspector de los Agentes de Control, quien acot\u00f3 que los operativos ser\u00e1n constantes en los diferentes accesos, pues la calle Cuenca tambi\u00e9n fue tomada por los ambulantes.<img loading=\"lazy\" decoding=\"async\" class=\"size-medium wp-image-24586 alignright\" src=\"https:\/\/zaracaytv.com\/wp-content\/uploads\/2025\/12\/tugo-300x171.png\" alt=\"\" width=\"300\" height=\"171\" loading=\"lazy\" srcset=\"https:\/\/zaracaytv.com\/wp-content\/uploads\/2025\/12\/tugo-300x171.png 300w, https:\/\/zaracaytv.com\/wp-content\/uploads\/2025\/12\/tugo-1024x584.png 1024w, https:\/\/zaracaytv.com\/wp-content\/uploads\/2025\/12\/tugo-768x438.png 768w, https:\/\/zaracaytv.com\/wp-content\/uploads\/2025\/12\/tugo-1536x875.png 1536w, https:\/\/zaracaytv.com\/wp-content\/uploads\/2025\/12\/tugo-570x325.png 570w, https:\/\/zaracaytv.com\/wp-content\/uploads\/2025\/12\/tugo-270x154.png 270w, https:\/\/zaracaytv.com\/wp-content\/uploads\/2025\/12\/tugo.png 1602w\" sizes=\"auto, (max-width: 300px) 100vw, 300px\" \/><\/p>\n<p>La Intendencia de Polic\u00eda tambi\u00e9n despleg\u00f3 un operativo para el decomiso de pirotecnia ilegal en este per\u00edmetro manifest\u00f3 Boris Cadena, Comisario Primero de Polic\u00eda, quien mencion\u00f3 que se busca prevenir el expendio de este tipo de materiales explosivos y evitar emergencias.<\/p>\n<p>Las autoridades manifestaron que los operativos se intensificar\u00e1n durante estos feriados para evitar la aglomeraci\u00f3n de vendedores informales y que los ciudadanos tengan una libre circulaci\u00f3n. Sin embargo, los esfuerzos no han sido del todo positivos, pues accesos como la Ambato siguen llenos de comerciantes ambulantes que dificultan el tr\u00e1nsito de los veh\u00edculos y peatones.<\/p>\n<\/body>","protected":false},"excerpt":{"rendered":"<p>Mediante un operativo mancomunado la calle Ambato fue despejada por los organismos de control de Santo Domingo. Esto tras una denuncia recibida, donde se explicaba que los vendedores informales se hab\u00edan tomado este acceso. Por lo cual se intervino de urgencia el punto para habilitar el paso para los veh\u00edculos, explic\u00f3 Kl\u00e9ber Paladines, director de [&hellip;]<\/p>\n","protected":false},"author":4,"featured_media":24586,"comment_status":"closed","ping_status":"closed","sticky":false,"template":"","format":"standard","meta":{"om_disable_all_campaigns":false,"_joinchat":[],"footnotes":""},"categories":[31],"tags":[],"class_list":["post-24584","post","type-post","status-publish","format-standard","has-post-thumbnail","hentry","category-la-region"],"_links":{"self":[{"href":"https:\/\/zaracaytv.com\/index.php?rest_route=\/wp\/v2\/posts\/24584","targetHints":{"allow":["GET"]}}],"collection":[{"href":"https:\/\/zaracaytv.com\/index.php?rest_route=\/wp\/v2\/posts"}],"about":[{"href":"https:\/\/zaracaytv.com\/index.php?rest_route=\/wp\/v2\/types\/post"}],"author":[{"embeddable":true,"href":"https:\/\/zaracaytv.com\/index.php?rest_route=\/wp\/v2\/users\/4"}],"replies":[{"embeddable":true,"href":"https:\/\/zaracaytv.com\/index.php?rest_route=%2Fwp%2Fv2%2Fcomments&post=24584"}],"version-history":[{"count":1,"href":"https:\/\/zaracaytv.com\/index.php?rest_route=\/wp\/v2\/posts\/24584\/revisions"}],"predecessor-version":[{"id":24587,"href":"https:\/\/zaracaytv.com\/index.php?rest_route=\/wp\/v2\/posts\/24584\/revisions\/24587"}],"wp:featuredmedia":[{"embeddable":true,"href":"https:\/\/zaracaytv.com\/index.php?rest_route=\/wp\/v2\/media\/24586"}],"wp:attachment":[{"href":"https:\/\/zaracaytv.com\/index.php?rest_route=%2Fwp%2Fv2%2Fmedia&parent=24584"}],"wp:term":[{"taxonomy":"category","embeddable":true,"href":"https:\/\/zaracaytv.com\/index.php?rest_route=%2Fwp%2Fv2%2Fcategories&post=24584"},{"taxonomy":"post_tag","embeddable":true,"href":"https:\/\/zaracaytv.com\/index.php?rest_route=%2Fwp%2Fv2%2Ftags&post=24584"}],"curies":[{"name":"wp","href":"https:\/\/api.w.org\/{rel}","templated":true}]}}