{"id":24580,"date":"2025-12-23T12:24:23","date_gmt":"2025-12-23T17:24:23","guid":{"rendered":"https:\/\/zaracaytv.com\/?p=24580"},"modified":"2025-12-23T12:24:23","modified_gmt":"2025-12-23T17:24:23","slug":"para-enero-de-2026-podria-salir-el-reglamento-para-la-subasta-de-predios","status":"publish","type":"post","link":"https:\/\/zaracaytv.com\/?p=24580","title":{"rendered":"PARA ENERO DE 2026 PODR\u00cdA SALIR EL REGLAMENTO PARA LA SUBASTA DE PREDIOS"},"content":{"rendered":"<body><p><\/p><img loading=\"lazy\" decoding=\"async\" class=\"size-medium wp-image-24581 alignleft\" src=\"https:\/\/zaracaytv.com\/wp-content\/uploads\/2025\/12\/ojpo-300x182.png\" alt=\"\" width=\"300\" height=\"182\" loading=\"lazy\" srcset=\"https:\/\/zaracaytv.com\/wp-content\/uploads\/2025\/12\/ojpo-300x182.png 300w, https:\/\/zaracaytv.com\/wp-content\/uploads\/2025\/12\/ojpo-1024x623.png 1024w, https:\/\/zaracaytv.com\/wp-content\/uploads\/2025\/12\/ojpo-768x467.png 768w, https:\/\/zaracaytv.com\/wp-content\/uploads\/2025\/12\/ojpo-543x330.png 543w, https:\/\/zaracaytv.com\/wp-content\/uploads\/2025\/12\/ojpo-270x164.png 270w, https:\/\/zaracaytv.com\/wp-content\/uploads\/2025\/12\/ojpo.png 1135w\" sizes=\"auto, (max-width: 300px) 100vw, 300px\" \/>Quienes est\u00e9n interesados en la venta de los predios municipales mediante el mecanismo de subasta p\u00fablica deber\u00e1n estar atentos a\u00a0 partir de la primera semana de enero de 2026, en que posiblemente se d\u00e9 a conocer el reglamento para este procedimiento, explic\u00f3 la concejal Ximena Toro.\n<p>Toro tambi\u00e9n habl\u00f3 del Comit\u00e9 para esta subasta que estar\u00e1 presidido por el alcalde, concejales y personal administrativo del municipio.<\/p>\n<p>El director del Centro Regional de Desarrollo (Credes) V\u00edctor Hugo Torres, considera que este proceso era necesario, ya que el municipio busca obtener recursos. Indic\u00f3 que depende del propietario del predio ver el uso que se le va a dar al mismo, respetando lo estipulado en el Plan de Desarrollo y Ordenamiento Territorial. <img loading=\"lazy\" decoding=\"async\" class=\"size-medium wp-image-24582 alignright\" src=\"https:\/\/zaracaytv.com\/wp-content\/uploads\/2025\/12\/iop-300x175.png\" alt=\"\" width=\"300\" height=\"175\" loading=\"lazy\" srcset=\"https:\/\/zaracaytv.com\/wp-content\/uploads\/2025\/12\/iop-300x175.png 300w, https:\/\/zaracaytv.com\/wp-content\/uploads\/2025\/12\/iop-1024x599.png 1024w, https:\/\/zaracaytv.com\/wp-content\/uploads\/2025\/12\/iop-768x449.png 768w, https:\/\/zaracaytv.com\/wp-content\/uploads\/2025\/12\/iop-564x330.png 564w, https:\/\/zaracaytv.com\/wp-content\/uploads\/2025\/12\/iop-270x158.png 270w, https:\/\/zaracaytv.com\/wp-content\/uploads\/2025\/12\/iop.png 1214w\" sizes=\"auto, (max-width: 300px) 100vw, 300px\" \/><\/p>\n<p>Torres considera que se deben vender mediante el mecanismo de subasta p\u00fablica m\u00e1s predios municipales, ya que muchos de ellos est\u00e1n siendo mal utilizados por la ciudadan\u00eda.<\/p>\n<\/body>","protected":false},"excerpt":{"rendered":"<p>Quienes est\u00e9n interesados en la venta de los predios municipales mediante el mecanismo de subasta p\u00fablica deber\u00e1n estar atentos a\u00a0 partir de la primera semana de enero de 2026, en que posiblemente se d\u00e9 a conocer el reglamento para este procedimiento, explic\u00f3 la concejal Ximena Toro. Toro tambi\u00e9n habl\u00f3 del Comit\u00e9 para esta subasta que [&hellip;]<\/p>\n","protected":false},"author":4,"featured_media":24582,"comment_status":"closed","ping_status":"closed","sticky":false,"template":"","format":"standard","meta":{"om_disable_all_campaigns":false,"_joinchat":[],"footnotes":""},"categories":[31],"tags":[],"class_list":["post-24580","post","type-post","status-publish","format-standard","has-post-thumbnail","hentry","category-la-region"],"_links":{"self":[{"href":"https:\/\/zaracaytv.com\/index.php?rest_route=\/wp\/v2\/posts\/24580","targetHints":{"allow":["GET"]}}],"collection":[{"href":"https:\/\/zaracaytv.com\/index.php?rest_route=\/wp\/v2\/posts"}],"about":[{"href":"https:\/\/zaracaytv.com\/index.php?rest_route=\/wp\/v2\/types\/post"}],"author":[{"embeddable":true,"href":"https:\/\/zaracaytv.com\/index.php?rest_route=\/wp\/v2\/users\/4"}],"replies":[{"embeddable":true,"href":"https:\/\/zaracaytv.com\/index.php?rest_route=%2Fwp%2Fv2%2Fcomments&post=24580"}],"version-history":[{"count":1,"href":"https:\/\/zaracaytv.com\/index.php?rest_route=\/wp\/v2\/posts\/24580\/revisions"}],"predecessor-version":[{"id":24583,"href":"https:\/\/zaracaytv.com\/index.php?rest_route=\/wp\/v2\/posts\/24580\/revisions\/24583"}],"wp:featuredmedia":[{"embeddable":true,"href":"https:\/\/zaracaytv.com\/index.php?rest_route=\/wp\/v2\/media\/24582"}],"wp:attachment":[{"href":"https:\/\/zaracaytv.com\/index.php?rest_route=%2Fwp%2Fv2%2Fmedia&parent=24580"}],"wp:term":[{"taxonomy":"category","embeddable":true,"href":"https:\/\/zaracaytv.com\/index.php?rest_route=%2Fwp%2Fv2%2Fcategories&post=24580"},{"taxonomy":"post_tag","embeddable":true,"href":"https:\/\/zaracaytv.com\/index.php?rest_route=%2Fwp%2Fv2%2Ftags&post=24580"}],"curies":[{"name":"wp","href":"https:\/\/api.w.org\/{rel}","templated":true}]}}