{"id":24573,"date":"2025-12-22T17:16:23","date_gmt":"2025-12-22T22:16:23","guid":{"rendered":"https:\/\/zaracaytv.com\/?p=24573"},"modified":"2025-12-22T17:16:23","modified_gmt":"2025-12-22T22:16:23","slug":"ocho-muertes-violentas-se-registraron-en-fin-de-semana-en-santo-domingo","status":"publish","type":"post","link":"https:\/\/zaracaytv.com\/?p=24573","title":{"rendered":"OCHO MUERTES VIOLENTAS SE REGISTRARON EN FIN DE SEMANA EN SANTO DOMINGO"},"content":{"rendered":"<body><p><\/p>8 muertes violentas se reportaron este fin de semana en Santo Domingo de los Ts\u00e1chilas. Una de estas ocurri\u00f3 en el kil\u00f3metro 6 de la v\u00eda Quito, donde 4 personas fueron asesinadas y una m\u00e1s qued\u00f3 herida durante un ataque armado. Al parecer las v\u00edctimas regresaban a casa despu\u00e9s de un bautizo cuando fueron interceptados por sus perpetradores, al recibir varios impactos el conductor perdi\u00f3 el control y qued\u00f3 a un lado de la ruta. Los ciudadanos mencionaron estar preocupados, pues no es la primera vez que ocurre una masacre de este tipo en el cant\u00f3n.\n<p>A su vez, en una de las \u00e1reas verdes del parque Jelen Tenka se descubri\u00f3 el cuerpo de una adulta mayor, el cual ten\u00eda signos de haber sido asfixiada y violada. Este caso mantiene alarmada a la ciudadan\u00eda y se busca al responsable.<\/p>\n<p>En <img loading=\"lazy\" decoding=\"async\" class=\"size-medium wp-image-24574 alignright\" src=\"https:\/\/zaracaytv.com\/wp-content\/uploads\/2025\/12\/huo-300x158.png\" alt=\"\" width=\"300\" height=\"158\" loading=\"lazy\" srcset=\"https:\/\/zaracaytv.com\/wp-content\/uploads\/2025\/12\/huo-300x158.png 300w, https:\/\/zaracaytv.com\/wp-content\/uploads\/2025\/12\/huo-768x405.png 768w, https:\/\/zaracaytv.com\/wp-content\/uploads\/2025\/12\/huo-570x301.png 570w, https:\/\/zaracaytv.com\/wp-content\/uploads\/2025\/12\/huo-270x142.png 270w, https:\/\/zaracaytv.com\/wp-content\/uploads\/2025\/12\/huo.png 1001w\" sizes=\"auto, (max-width: 300px) 100vw, 300px\" \/>otro de los casos, esta vez registrado en la Y de la v\u00eda Aventura se dio el asesinato de \u00c1ngel Benjam\u00edn M., de 43 a\u00f1os de edad, quien recibi\u00f3 varios impactos de bala, producto del hecho su cuerpo qued\u00f3 tirado en la calzada. El hombre resid\u00eda en San Gabriel del Baba. Los turistas exigen m\u00e1s seguridad.<\/p>\n<p>Durante este fin de semana tambi\u00e9n se report\u00f3 la muerte de un supuesto delincuente, quien intent\u00f3 asaltar a polic\u00edas que se encontraban de civiles, el occiso fue identificado como Byron S., quien registraba antecedentes penales. Con estos, la cifra de muertes violentas en la provincia, ya bordean las 150.<\/p>\n<\/body>","protected":false},"excerpt":{"rendered":"<p>8 muertes violentas se reportaron este fin de semana en Santo Domingo de los Ts\u00e1chilas. Una de estas ocurri\u00f3 en el kil\u00f3metro 6 de la v\u00eda Quito, donde 4 personas fueron asesinadas y una m\u00e1s qued\u00f3 herida durante un ataque armado. Al parecer las v\u00edctimas regresaban a casa despu\u00e9s de un bautizo cuando fueron interceptados [&hellip;]<\/p>\n","protected":false},"author":4,"featured_media":24574,"comment_status":"closed","ping_status":"closed","sticky":false,"template":"","format":"standard","meta":{"om_disable_all_campaigns":false,"_joinchat":[],"footnotes":""},"categories":[48],"tags":[],"class_list":["post-24573","post","type-post","status-publish","format-standard","has-post-thumbnail","hentry","category-cronica-roja"],"_links":{"self":[{"href":"https:\/\/zaracaytv.com\/index.php?rest_route=\/wp\/v2\/posts\/24573","targetHints":{"allow":["GET"]}}],"collection":[{"href":"https:\/\/zaracaytv.com\/index.php?rest_route=\/wp\/v2\/posts"}],"about":[{"href":"https:\/\/zaracaytv.com\/index.php?rest_route=\/wp\/v2\/types\/post"}],"author":[{"embeddable":true,"href":"https:\/\/zaracaytv.com\/index.php?rest_route=\/wp\/v2\/users\/4"}],"replies":[{"embeddable":true,"href":"https:\/\/zaracaytv.com\/index.php?rest_route=%2Fwp%2Fv2%2Fcomments&post=24573"}],"version-history":[{"count":1,"href":"https:\/\/zaracaytv.com\/index.php?rest_route=\/wp\/v2\/posts\/24573\/revisions"}],"predecessor-version":[{"id":24575,"href":"https:\/\/zaracaytv.com\/index.php?rest_route=\/wp\/v2\/posts\/24573\/revisions\/24575"}],"wp:featuredmedia":[{"embeddable":true,"href":"https:\/\/zaracaytv.com\/index.php?rest_route=\/wp\/v2\/media\/24574"}],"wp:attachment":[{"href":"https:\/\/zaracaytv.com\/index.php?rest_route=%2Fwp%2Fv2%2Fmedia&parent=24573"}],"wp:term":[{"taxonomy":"category","embeddable":true,"href":"https:\/\/zaracaytv.com\/index.php?rest_route=%2Fwp%2Fv2%2Fcategories&post=24573"},{"taxonomy":"post_tag","embeddable":true,"href":"https:\/\/zaracaytv.com\/index.php?rest_route=%2Fwp%2Fv2%2Ftags&post=24573"}],"curies":[{"name":"wp","href":"https:\/\/api.w.org\/{rel}","templated":true}]}}