{"id":24557,"date":"2025-12-22T10:04:15","date_gmt":"2025-12-22T15:04:15","guid":{"rendered":"https:\/\/zaracaytv.com\/?p=24557"},"modified":"2025-12-22T10:04:15","modified_gmt":"2025-12-22T15:04:15","slug":"hay-incertidumbre-por-la-venta-de-locales-en-los-mercados","status":"publish","type":"post","link":"https:\/\/zaracaytv.com\/?p=24557","title":{"rendered":"HAY INCERTIDUMBRE POR LA VENTA DE LOCALES EN LOS MERCADOS"},"content":{"rendered":"<body><p><\/p><img loading=\"lazy\" decoding=\"async\" class=\"size-medium wp-image-24558 alignleft\" src=\"https:\/\/zaracaytv.com\/wp-content\/uploads\/2025\/12\/drrfg-300x168.png\" alt=\"\" width=\"300\" height=\"168\" loading=\"lazy\" srcset=\"https:\/\/zaracaytv.com\/wp-content\/uploads\/2025\/12\/drrfg-300x168.png 300w, https:\/\/zaracaytv.com\/wp-content\/uploads\/2025\/12\/drrfg-1024x574.png 1024w, https:\/\/zaracaytv.com\/wp-content\/uploads\/2025\/12\/drrfg-768x430.png 768w, https:\/\/zaracaytv.com\/wp-content\/uploads\/2025\/12\/drrfg-570x319.png 570w, https:\/\/zaracaytv.com\/wp-content\/uploads\/2025\/12\/drrfg-270x151.png 270w, https:\/\/zaracaytv.com\/wp-content\/uploads\/2025\/12\/drrfg.png 1521w\" sizes=\"auto, (max-width: 300px) 100vw, 300px\" \/>En el Mercado Central Municipal de Santo Domingo los m\u00e1s de 200 comerciantes mantienen un fuerte debate sobre la iniciativa de la municipalidad de vender los locales en donde actualmente desarrollan sus actividades. La expresidenta de este lugar, Victoria Celi,\u00a0 se\u00f1al\u00f3 que los socios est\u00e1n divididos, unos se muestran interesados y otros no apoyan la propuesta.\n<p>Seg\u00fan el municipio, este proceso empez\u00f3 con resoluciones administrativas en las que se establecen los par\u00e1metros del mecanismo para vender los locales comerciales de 5 mercados y 7 plazas municipales. Carlos Murillo es de las personas que no est\u00e1 convencido de apostar en invertir en el proyecto por un factor principal: la falta de control del comercio informal que se traduce en competencia desleal. <img loading=\"lazy\" decoding=\"async\" class=\"size-medium wp-image-24559 alignright\" src=\"https:\/\/zaracaytv.com\/wp-content\/uploads\/2025\/12\/uyu-1-300x168.png\" alt=\"\" width=\"300\" height=\"168\" loading=\"lazy\" srcset=\"https:\/\/zaracaytv.com\/wp-content\/uploads\/2025\/12\/uyu-1-300x168.png 300w, https:\/\/zaracaytv.com\/wp-content\/uploads\/2025\/12\/uyu-1-1024x575.png 1024w, https:\/\/zaracaytv.com\/wp-content\/uploads\/2025\/12\/uyu-1-768x431.png 768w, https:\/\/zaracaytv.com\/wp-content\/uploads\/2025\/12\/uyu-1-570x320.png 570w, https:\/\/zaracaytv.com\/wp-content\/uploads\/2025\/12\/uyu-1-270x151.png 270w, https:\/\/zaracaytv.com\/wp-content\/uploads\/2025\/12\/uyu-1.png 1490w\" sizes=\"auto, (max-width: 300px) 100vw, 300px\" \/><\/p>\n<p>Otro tema importante entre los vendedores de productos de primera necesidad es la l\u00ednea de financiamiento, afirman que las reglas no est\u00e1n claras.<\/p>\n<p>Desde la coordinaci\u00f3n de adjudicaciones y ventas de casas, lotes y locales comerciales, se inform\u00f3 que en estos procesos est\u00e1n incluidos los espacios del Mall Santo Domingo, proyecto Lote Moderno, entre otros. Se inform\u00f3 que por ahora unas 100 personas se han acercado a esta dependencia municipal en busca de informaci\u00f3n. Se ofreci\u00f3 dar m\u00e1s detalles\u00a0 en los pr\u00f3ximos d\u00edas.<\/p>\n<\/body>","protected":false},"excerpt":{"rendered":"<p>En el Mercado Central Municipal de Santo Domingo los m\u00e1s de 200 comerciantes mantienen un fuerte debate sobre la iniciativa de la municipalidad de vender los locales en donde actualmente desarrollan sus actividades. La expresidenta de este lugar, Victoria Celi,\u00a0 se\u00f1al\u00f3 que los socios est\u00e1n divididos, unos se muestran interesados y otros no apoyan la [&hellip;]<\/p>\n","protected":false},"author":4,"featured_media":24559,"comment_status":"closed","ping_status":"closed","sticky":false,"template":"","format":"standard","meta":{"om_disable_all_campaigns":false,"_joinchat":[],"footnotes":""},"categories":[31],"tags":[],"class_list":["post-24557","post","type-post","status-publish","format-standard","has-post-thumbnail","hentry","category-la-region"],"_links":{"self":[{"href":"https:\/\/zaracaytv.com\/index.php?rest_route=\/wp\/v2\/posts\/24557","targetHints":{"allow":["GET"]}}],"collection":[{"href":"https:\/\/zaracaytv.com\/index.php?rest_route=\/wp\/v2\/posts"}],"about":[{"href":"https:\/\/zaracaytv.com\/index.php?rest_route=\/wp\/v2\/types\/post"}],"author":[{"embeddable":true,"href":"https:\/\/zaracaytv.com\/index.php?rest_route=\/wp\/v2\/users\/4"}],"replies":[{"embeddable":true,"href":"https:\/\/zaracaytv.com\/index.php?rest_route=%2Fwp%2Fv2%2Fcomments&post=24557"}],"version-history":[{"count":1,"href":"https:\/\/zaracaytv.com\/index.php?rest_route=\/wp\/v2\/posts\/24557\/revisions"}],"predecessor-version":[{"id":24560,"href":"https:\/\/zaracaytv.com\/index.php?rest_route=\/wp\/v2\/posts\/24557\/revisions\/24560"}],"wp:featuredmedia":[{"embeddable":true,"href":"https:\/\/zaracaytv.com\/index.php?rest_route=\/wp\/v2\/media\/24559"}],"wp:attachment":[{"href":"https:\/\/zaracaytv.com\/index.php?rest_route=%2Fwp%2Fv2%2Fmedia&parent=24557"}],"wp:term":[{"taxonomy":"category","embeddable":true,"href":"https:\/\/zaracaytv.com\/index.php?rest_route=%2Fwp%2Fv2%2Fcategories&post=24557"},{"taxonomy":"post_tag","embeddable":true,"href":"https:\/\/zaracaytv.com\/index.php?rest_route=%2Fwp%2Fv2%2Ftags&post=24557"}],"curies":[{"name":"wp","href":"https:\/\/api.w.org\/{rel}","templated":true}]}}