{"id":24553,"date":"2025-12-19T18:40:29","date_gmt":"2025-12-19T23:40:29","guid":{"rendered":"https:\/\/zaracaytv.com\/?p=24553"},"modified":"2025-12-19T18:40:29","modified_gmt":"2025-12-19T23:40:29","slug":"espana-suma-27-casos-de-peste-porcina-en-jabalies-y-se-descarta-por-ahora-un-origen-en-laboratorio","status":"publish","type":"post","link":"https:\/\/zaracaytv.com\/?p=24553","title":{"rendered":"ESPA\u00d1A SUMA 27 CASOS DE PESTE PORCINA EN JABAL\u00cdES Y SE DESCARTA POR AHORA UN ORIGEN EN LABORATORIO"},"content":{"rendered":"<body><p><\/p><span style=\"font-weight: 400;\"><img loading=\"lazy\" decoding=\"async\" class=\"size-medium wp-image-24554 alignleft\" src=\"https:\/\/zaracaytv.com\/wp-content\/uploads\/2025\/12\/SDGYU-300x171.png\" alt=\"\" width=\"300\" height=\"171\" loading=\"lazy\" srcset=\"https:\/\/zaracaytv.com\/wp-content\/uploads\/2025\/12\/SDGYU-300x171.png 300w, https:\/\/zaracaytv.com\/wp-content\/uploads\/2025\/12\/SDGYU-768x437.png 768w, https:\/\/zaracaytv.com\/wp-content\/uploads\/2025\/12\/SDGYU-570x325.png 570w, https:\/\/zaracaytv.com\/wp-content\/uploads\/2025\/12\/SDGYU-270x154.png 270w, https:\/\/zaracaytv.com\/wp-content\/uploads\/2025\/12\/SDGYU.png 792w\" sizes=\"auto, (max-width: 300px) 100vw, 300px\" \/>Espa\u00f1a ha elevado a 27 los casos de peste porcina africana tras confirmarse un nuevo positivo en un jabal\u00ed, seg\u00fan ha informado el Ministerio de Agricultura. El caso se ha detectado dentro del \u00e1rea restringida del foco localizado en Cerdanyola del Vall\u00e8s, Barcelona.<\/span>\n<p><span style=\"font-weight: 400;\">El Laboratorio Central de Veterinaria de Algete (Madrid) ha confirmado este viernes un nuevo caso positivo de <\/span><span style=\"font-weight: 400;\">peste porcina africana (PPA)<\/span><span style=\"font-weight: 400;\"> en un jabal\u00ed con s\u00edntomas, seg\u00fan ha informado el Ministerio de Agricultura, Pesca y Alimentaci\u00f3n. Con este nuevo positivo, el n\u00famero total de casos confirmados en fauna silvestre asciende a 27.<\/span><\/p>\n<p><span style=\"font-weight: 400;\">El animal fue localizado en los \u00faltimos d\u00edas dentro del radio del <\/span><span style=\"font-weight: 400;\">primer foco detectado a principios de diciembre<\/span><span style=\"font-weight: 400;\"> en el municipio de Cerdanyola del Vall\u00e8s (Barcelona), donde se concentran todos los casos confirmados hasta el momento, de acuerdo con la informaci\u00f3n oficial del Ministerio.<\/span><\/p>\n<\/body>","protected":false},"excerpt":{"rendered":"<p>Espa\u00f1a ha elevado a 27 los casos de peste porcina africana tras confirmarse un nuevo positivo en un jabal\u00ed, seg\u00fan ha informado el Ministerio de Agricultura. El caso se ha detectado dentro del \u00e1rea restringida del foco localizado en Cerdanyola del Vall\u00e8s, Barcelona. El Laboratorio Central de Veterinaria de Algete (Madrid) ha confirmado este viernes [&hellip;]<\/p>\n","protected":false},"author":4,"featured_media":24554,"comment_status":"closed","ping_status":"closed","sticky":false,"template":"","format":"standard","meta":{"om_disable_all_campaigns":false,"_joinchat":[],"footnotes":""},"categories":[40],"tags":[],"class_list":["post-24553","post","type-post","status-publish","format-standard","has-post-thumbnail","hentry","category-mundo"],"_links":{"self":[{"href":"https:\/\/zaracaytv.com\/index.php?rest_route=\/wp\/v2\/posts\/24553","targetHints":{"allow":["GET"]}}],"collection":[{"href":"https:\/\/zaracaytv.com\/index.php?rest_route=\/wp\/v2\/posts"}],"about":[{"href":"https:\/\/zaracaytv.com\/index.php?rest_route=\/wp\/v2\/types\/post"}],"author":[{"embeddable":true,"href":"https:\/\/zaracaytv.com\/index.php?rest_route=\/wp\/v2\/users\/4"}],"replies":[{"embeddable":true,"href":"https:\/\/zaracaytv.com\/index.php?rest_route=%2Fwp%2Fv2%2Fcomments&post=24553"}],"version-history":[{"count":1,"href":"https:\/\/zaracaytv.com\/index.php?rest_route=\/wp\/v2\/posts\/24553\/revisions"}],"predecessor-version":[{"id":24555,"href":"https:\/\/zaracaytv.com\/index.php?rest_route=\/wp\/v2\/posts\/24553\/revisions\/24555"}],"wp:featuredmedia":[{"embeddable":true,"href":"https:\/\/zaracaytv.com\/index.php?rest_route=\/wp\/v2\/media\/24554"}],"wp:attachment":[{"href":"https:\/\/zaracaytv.com\/index.php?rest_route=%2Fwp%2Fv2%2Fmedia&parent=24553"}],"wp:term":[{"taxonomy":"category","embeddable":true,"href":"https:\/\/zaracaytv.com\/index.php?rest_route=%2Fwp%2Fv2%2Fcategories&post=24553"},{"taxonomy":"post_tag","embeddable":true,"href":"https:\/\/zaracaytv.com\/index.php?rest_route=%2Fwp%2Fv2%2Ftags&post=24553"}],"curies":[{"name":"wp","href":"https:\/\/api.w.org\/{rel}","templated":true}]}}