{"id":24542,"date":"2025-12-19T18:26:51","date_gmt":"2025-12-19T23:26:51","guid":{"rendered":"https:\/\/zaracaytv.com\/?p=24542"},"modified":"2025-12-19T18:26:51","modified_gmt":"2025-12-19T23:26:51","slug":"la-navidad-fue-especial-para-la-fundacion-somos-patria","status":"publish","type":"post","link":"https:\/\/zaracaytv.com\/?p=24542","title":{"rendered":"LA NAVIDAD FUE ESPECIAL PARA LA FUNDACI\u00d3N SOMOS PATRIA"},"content":{"rendered":"<body><p><\/p><img loading=\"lazy\" decoding=\"async\" class=\"size-medium wp-image-24543 alignleft\" src=\"https:\/\/zaracaytv.com\/wp-content\/uploads\/2025\/12\/yjy-300x171.png\" alt=\"\" width=\"300\" height=\"171\" loading=\"lazy\" srcset=\"https:\/\/zaracaytv.com\/wp-content\/uploads\/2025\/12\/yjy-300x171.png 300w, https:\/\/zaracaytv.com\/wp-content\/uploads\/2025\/12\/yjy-1024x584.png 1024w, https:\/\/zaracaytv.com\/wp-content\/uploads\/2025\/12\/yjy-768x438.png 768w, https:\/\/zaracaytv.com\/wp-content\/uploads\/2025\/12\/yjy-1536x876.png 1536w, https:\/\/zaracaytv.com\/wp-content\/uploads\/2025\/12\/yjy-570x325.png 570w, https:\/\/zaracaytv.com\/wp-content\/uploads\/2025\/12\/yjy-270x154.png 270w, https:\/\/zaracaytv.com\/wp-content\/uploads\/2025\/12\/yjy.png 1613w\" sizes=\"auto, (max-width: 300px) 100vw, 300px\" \/>Cerca de 20 miembros de la Fundaci\u00f3n \u201cSomos Patria\u201d, disfrutaron entre amigos la navidad. Adem\u00e1s de regalos,\u00a0 llegaron con una sonrisa. Cristian Quiroz, conocido como \u201cFlow Flow\u201d, puso la alegr\u00eda que no pod\u00eda faltar en esta cita especial.\n<p>Quienes acompa\u00f1aron a sus familias, destacaron que estos encuentros son de suma importancia, ya que sus hijos se sienten felices y tomados en cuenta en estas actividades para compartir. <img loading=\"lazy\" decoding=\"async\" class=\"size-medium wp-image-24544 alignright\" src=\"https:\/\/zaracaytv.com\/wp-content\/uploads\/2025\/12\/hil-300x168.png\" alt=\"\" width=\"300\" height=\"168\" loading=\"lazy\" srcset=\"https:\/\/zaracaytv.com\/wp-content\/uploads\/2025\/12\/hil-300x168.png 300w, https:\/\/zaracaytv.com\/wp-content\/uploads\/2025\/12\/hil-1024x572.png 1024w, https:\/\/zaracaytv.com\/wp-content\/uploads\/2025\/12\/hil-768x429.png 768w, https:\/\/zaracaytv.com\/wp-content\/uploads\/2025\/12\/hil-1536x859.png 1536w, https:\/\/zaracaytv.com\/wp-content\/uploads\/2025\/12\/hil-570x319.png 570w, https:\/\/zaracaytv.com\/wp-content\/uploads\/2025\/12\/hil-270x151.png 270w, https:\/\/zaracaytv.com\/wp-content\/uploads\/2025\/12\/hil.png 1628w\" sizes=\"auto, (max-width: 300px) 100vw, 300px\" \/><\/p>\n<p>El presidente de la Fundaci\u00f3n Somos Patria, Federico Mora, se mostr\u00f3 satisfecho con los resultados. Sus amigos llegan siempre a su casa que se ha convertido en la sede para las celebraciones especiales.<\/p>\n<p>Mora cont\u00f3 que recibe apoyo de toda la comunidad, por eso hizo la entrega de regalos y agasaj\u00f3 a sus amigos con lo que logr\u00f3 conseguir.<\/p>\n<\/body>","protected":false},"excerpt":{"rendered":"<p>Cerca de 20 miembros de la Fundaci\u00f3n \u201cSomos Patria\u201d, disfrutaron entre amigos la navidad. Adem\u00e1s de regalos,\u00a0 llegaron con una sonrisa. Cristian Quiroz, conocido como \u201cFlow Flow\u201d, puso la alegr\u00eda que no pod\u00eda faltar en esta cita especial. Quienes acompa\u00f1aron a sus familias, destacaron que estos encuentros son de suma importancia, ya que sus hijos [&hellip;]<\/p>\n","protected":false},"author":4,"featured_media":24543,"comment_status":"closed","ping_status":"closed","sticky":false,"template":"","format":"standard","meta":{"om_disable_all_campaigns":false,"_joinchat":[],"footnotes":""},"categories":[25],"tags":[],"class_list":["post-24542","post","type-post","status-publish","format-standard","has-post-thumbnail","hentry","category-la-comunidad"],"_links":{"self":[{"href":"https:\/\/zaracaytv.com\/index.php?rest_route=\/wp\/v2\/posts\/24542","targetHints":{"allow":["GET"]}}],"collection":[{"href":"https:\/\/zaracaytv.com\/index.php?rest_route=\/wp\/v2\/posts"}],"about":[{"href":"https:\/\/zaracaytv.com\/index.php?rest_route=\/wp\/v2\/types\/post"}],"author":[{"embeddable":true,"href":"https:\/\/zaracaytv.com\/index.php?rest_route=\/wp\/v2\/users\/4"}],"replies":[{"embeddable":true,"href":"https:\/\/zaracaytv.com\/index.php?rest_route=%2Fwp%2Fv2%2Fcomments&post=24542"}],"version-history":[{"count":1,"href":"https:\/\/zaracaytv.com\/index.php?rest_route=\/wp\/v2\/posts\/24542\/revisions"}],"predecessor-version":[{"id":24545,"href":"https:\/\/zaracaytv.com\/index.php?rest_route=\/wp\/v2\/posts\/24542\/revisions\/24545"}],"wp:featuredmedia":[{"embeddable":true,"href":"https:\/\/zaracaytv.com\/index.php?rest_route=\/wp\/v2\/media\/24543"}],"wp:attachment":[{"href":"https:\/\/zaracaytv.com\/index.php?rest_route=%2Fwp%2Fv2%2Fmedia&parent=24542"}],"wp:term":[{"taxonomy":"category","embeddable":true,"href":"https:\/\/zaracaytv.com\/index.php?rest_route=%2Fwp%2Fv2%2Fcategories&post=24542"},{"taxonomy":"post_tag","embeddable":true,"href":"https:\/\/zaracaytv.com\/index.php?rest_route=%2Fwp%2Fv2%2Ftags&post=24542"}],"curies":[{"name":"wp","href":"https:\/\/api.w.org\/{rel}","templated":true}]}}