{"id":24529,"date":"2025-12-19T18:05:17","date_gmt":"2025-12-19T23:05:17","guid":{"rendered":"https:\/\/zaracaytv.com\/?p=24529"},"modified":"2025-12-19T18:05:17","modified_gmt":"2025-12-19T23:05:17","slug":"aumenta-percepcion-de-inseguridad-en-visperas-de-navidad-y-ano-nuevo","status":"publish","type":"post","link":"https:\/\/zaracaytv.com\/?p=24529","title":{"rendered":"AUMENTA PERCEPCI\u00d3N DE INSEGURIDAD EN V\u00cdSPERAS DE NAVIDAD Y A\u00d1O NUEVO"},"content":{"rendered":"<body><p><\/p><span style=\"font-weight: 400;\"><img loading=\"lazy\" decoding=\"async\" class=\"size-medium wp-image-24530 alignleft\" src=\"https:\/\/zaracaytv.com\/wp-content\/uploads\/2025\/12\/3we5uy-300x176.png\" alt=\"\" width=\"300\" height=\"176\" loading=\"lazy\" srcset=\"https:\/\/zaracaytv.com\/wp-content\/uploads\/2025\/12\/3we5uy-300x176.png 300w, https:\/\/zaracaytv.com\/wp-content\/uploads\/2025\/12\/3we5uy-1024x602.png 1024w, https:\/\/zaracaytv.com\/wp-content\/uploads\/2025\/12\/3we5uy-768x452.png 768w, https:\/\/zaracaytv.com\/wp-content\/uploads\/2025\/12\/3we5uy-561x330.png 561w, https:\/\/zaracaytv.com\/wp-content\/uploads\/2025\/12\/3we5uy-270x159.png 270w, https:\/\/zaracaytv.com\/wp-content\/uploads\/2025\/12\/3we5uy.png 1371w\" sizes=\"auto, (max-width: 300px) 100vw, 300px\" \/>A pocos d\u00edas de celebrarse las festividades de Navidad y A\u00f1o Nuevo, la percepci\u00f3n de inseguridad entre los habitantes de Santo Domingo de los Ts\u00e1chilas se ha incrementado. As\u00ed lo manifestaron ciudadanos consultados en distintos sectores de la ciudad, quienes expresaron sentirse atemorizados ante los hechos delictivos que se registran en la provincia.<\/span>\n<p><span style=\"font-weight: 400;\">Esta situaci\u00f3n tambi\u00e9n ha impactado al sector comercial. Administradores y propietarios de locales se\u00f1alaron que la imagen negativa de inseguridad no solo afecta a Santo Domingo, sino a varias provincias del pa\u00eds, lo que ha provocado una reducci\u00f3n en la actividad econ\u00f3mica, incluso en una temporada que tradicionalmente registra mayor movimiento comercial.<\/span><\/p>\n<p><span style=\"font-weight: 400;\">El panorama de inseguridad se extiende a nivel nacional, motivo por el cual el presidente de la Rep\u00fablica ha adoptado medidas como el cambio de gobernadores en varias provincias. En este contexto, fueron designados nuevos representantes del Ejecutivo en Napo, Carchi, Imbabura y El Oro, entre ellos tres militares y un polic\u00eda en servicio pasivo, con el objetivo de reforzar la coordinaci\u00f3n en materia de seguridad. Sobre este tema, el asamble\u00edsta Geovanny Ben\u00edtez record\u00f3 que el gobernador es la autoridad encargada de articular acciones con las instituciones y la ciudadan\u00eda para enfrentar la inseguridad en territorio. Adem\u00e1s, enfatiz\u00f3 que son los ministros quienes deben evaluar el trabajo que realizan los representantes del Ejecutivo en las provincias.<\/span><\/p>\n<p><span style=\"font-weight: 400;\">Mientras tanto, la ciudadan\u00eda opta por permanecer en sus hogares, a la espera de que las autoridades implementen medidas efectivas que permitan recuperar la tranquilidad durante las festividades de fin de a\u00f1o.<\/span><\/p>\n<\/body>","protected":false},"excerpt":{"rendered":"<p>A pocos d\u00edas de celebrarse las festividades de Navidad y A\u00f1o Nuevo, la percepci\u00f3n de inseguridad entre los habitantes de Santo Domingo de los Ts\u00e1chilas se ha incrementado. As\u00ed lo manifestaron ciudadanos consultados en distintos sectores de la ciudad, quienes expresaron sentirse atemorizados ante los hechos delictivos que se registran en la provincia. Esta situaci\u00f3n [&hellip;]<\/p>\n","protected":false},"author":4,"featured_media":24530,"comment_status":"closed","ping_status":"closed","sticky":false,"template":"","format":"standard","meta":{"om_disable_all_campaigns":false,"_joinchat":[],"footnotes":""},"categories":[31],"tags":[],"class_list":["post-24529","post","type-post","status-publish","format-standard","has-post-thumbnail","hentry","category-la-region"],"_links":{"self":[{"href":"https:\/\/zaracaytv.com\/index.php?rest_route=\/wp\/v2\/posts\/24529","targetHints":{"allow":["GET"]}}],"collection":[{"href":"https:\/\/zaracaytv.com\/index.php?rest_route=\/wp\/v2\/posts"}],"about":[{"href":"https:\/\/zaracaytv.com\/index.php?rest_route=\/wp\/v2\/types\/post"}],"author":[{"embeddable":true,"href":"https:\/\/zaracaytv.com\/index.php?rest_route=\/wp\/v2\/users\/4"}],"replies":[{"embeddable":true,"href":"https:\/\/zaracaytv.com\/index.php?rest_route=%2Fwp%2Fv2%2Fcomments&post=24529"}],"version-history":[{"count":1,"href":"https:\/\/zaracaytv.com\/index.php?rest_route=\/wp\/v2\/posts\/24529\/revisions"}],"predecessor-version":[{"id":24531,"href":"https:\/\/zaracaytv.com\/index.php?rest_route=\/wp\/v2\/posts\/24529\/revisions\/24531"}],"wp:featuredmedia":[{"embeddable":true,"href":"https:\/\/zaracaytv.com\/index.php?rest_route=\/wp\/v2\/media\/24530"}],"wp:attachment":[{"href":"https:\/\/zaracaytv.com\/index.php?rest_route=%2Fwp%2Fv2%2Fmedia&parent=24529"}],"wp:term":[{"taxonomy":"category","embeddable":true,"href":"https:\/\/zaracaytv.com\/index.php?rest_route=%2Fwp%2Fv2%2Fcategories&post=24529"},{"taxonomy":"post_tag","embeddable":true,"href":"https:\/\/zaracaytv.com\/index.php?rest_route=%2Fwp%2Fv2%2Ftags&post=24529"}],"curies":[{"name":"wp","href":"https:\/\/api.w.org\/{rel}","templated":true}]}}