{"id":24525,"date":"2025-12-19T18:00:15","date_gmt":"2025-12-19T23:00:15","guid":{"rendered":"https:\/\/zaracaytv.com\/?p=24525"},"modified":"2025-12-19T18:00:15","modified_gmt":"2025-12-19T23:00:15","slug":"detectan-hongo-fusarium-raza-4-en-plantacion-bananera-de-el-oro","status":"publish","type":"post","link":"https:\/\/zaracaytv.com\/?p=24525","title":{"rendered":"DETECTAN HONGO FUSARIUM RAZA 4 EN PLANTACI\u00d3N BANANERA DE EL ORO"},"content":{"rendered":"<body><p><\/p><span style=\"font-weight: 400;\"><img loading=\"lazy\" decoding=\"async\" class=\"size-medium wp-image-24526 alignleft\" src=\"https:\/\/zaracaytv.com\/wp-content\/uploads\/2025\/12\/srg-1-300x171.png\" alt=\"\" width=\"300\" height=\"171\" loading=\"lazy\" srcset=\"https:\/\/zaracaytv.com\/wp-content\/uploads\/2025\/12\/srg-1-300x171.png 300w, https:\/\/zaracaytv.com\/wp-content\/uploads\/2025\/12\/srg-1-1024x583.png 1024w, https:\/\/zaracaytv.com\/wp-content\/uploads\/2025\/12\/srg-1-768x437.png 768w, https:\/\/zaracaytv.com\/wp-content\/uploads\/2025\/12\/srg-1-1536x874.png 1536w, https:\/\/zaracaytv.com\/wp-content\/uploads\/2025\/12\/srg-1-570x325.png 570w, https:\/\/zaracaytv.com\/wp-content\/uploads\/2025\/12\/srg-1-270x154.png 270w, https:\/\/zaracaytv.com\/wp-content\/uploads\/2025\/12\/srg-1.png 1551w\" sizes=\"auto, (max-width: 300px) 100vw, 300px\" \/>El sector bananero del Ecuador fue declarado en emergencia por seis meses tras confirmarse la presencia del hongo Fusarium Raza 4 en un cultivo de banano ubicado en la provincia de El Oro. Esta enfermedad, que permanece en el suelo, provoca la marchitez y posterior muerte de las plantas al obstruir los vasos conductores de agua y nutrientes, generando p\u00e9rdidas significativas en las plantaciones afectadas. Ante este escenario, los agricultores han comenzado a reforzar y cumplir estrictamente las medidas de bioseguridad con el objetivo de evitar la propagaci\u00f3n del hongo hacia otras zonas productivas del pa\u00eds.<\/span>\n<p><span style=\"font-weight: 400;\">Desde las entidades competentes se asegur\u00f3 que el Fusarium Raza 4 no representa un riesgo para la salud humana y que, hasta el momento, no existen afectaciones en las exportaciones, tampoco en el consumo local ni variaciones en los precios del banano. As\u00ed mismo, se inform\u00f3 que el foco detectado se encuentra bajo control y confinado. No obstante, productores de otras provincias, como Santo Domingo de los Ts\u00e1chilas, expresaron su preocupaci\u00f3n ante la posibilidad de que la enfermedad se extienda a nuevos territorios, lo que podr\u00eda impactar gravemente la producci\u00f3n agr\u00edcola local.<img loading=\"lazy\" decoding=\"async\" class=\"size-medium wp-image-24527 alignright\" src=\"https:\/\/zaracaytv.com\/wp-content\/uploads\/2025\/12\/dfsd-300x183.png\" alt=\"\" width=\"300\" height=\"183\" loading=\"lazy\" srcset=\"https:\/\/zaracaytv.com\/wp-content\/uploads\/2025\/12\/dfsd-300x183.png 300w, https:\/\/zaracaytv.com\/wp-content\/uploads\/2025\/12\/dfsd-1024x624.png 1024w, https:\/\/zaracaytv.com\/wp-content\/uploads\/2025\/12\/dfsd-768x468.png 768w, https:\/\/zaracaytv.com\/wp-content\/uploads\/2025\/12\/dfsd-542x330.png 542w, https:\/\/zaracaytv.com\/wp-content\/uploads\/2025\/12\/dfsd-270x164.png 270w, https:\/\/zaracaytv.com\/wp-content\/uploads\/2025\/12\/dfsd.png 1437w\" sizes=\"auto, (max-width: 300px) 100vw, 300px\" \/><\/span><\/p>\n<p><span style=\"font-weight: 400;\">En paralelo, comerciantes de Santo Domingo de los Ts\u00e1chilas se\u00f1alaron que actualmente se registra escasez de dos mus\u00e1ceas: el pl\u00e1tano y el guineo, situaci\u00f3n que ha provocado un incremento en sus precios en los mercados locales.<\/span><\/p>\n<p><span style=\"font-weight: 400;\">Este medio busc\u00f3 un pronunciamiento del director de Agrocalidad en Santo Domingo de los Ts\u00e1chilas; sin embargo, el equipo de comunicaci\u00f3n de la instituci\u00f3n inform\u00f3 que se encuentran a la espera de directrices desde la planta central, con el fin de conocer los lineamientos y m\u00e9todos de control que se aplicar\u00e1n en la provincia frente a esta emergencia fitosanitaria.<\/span><\/p>\n<p>\u00a0<\/p>\n<p>\u00a0<\/p>\n<\/body>","protected":false},"excerpt":{"rendered":"<p>El sector bananero del Ecuador fue declarado en emergencia por seis meses tras confirmarse la presencia del hongo Fusarium Raza 4 en un cultivo de banano ubicado en la provincia de El Oro. Esta enfermedad, que permanece en el suelo, provoca la marchitez y posterior muerte de las plantas al obstruir los vasos conductores de [&hellip;]<\/p>\n","protected":false},"author":4,"featured_media":24527,"comment_status":"closed","ping_status":"closed","sticky":false,"template":"","format":"standard","meta":{"om_disable_all_campaigns":false,"_joinchat":[],"footnotes":""},"categories":[31],"tags":[],"class_list":["post-24525","post","type-post","status-publish","format-standard","has-post-thumbnail","hentry","category-la-region"],"_links":{"self":[{"href":"https:\/\/zaracaytv.com\/index.php?rest_route=\/wp\/v2\/posts\/24525","targetHints":{"allow":["GET"]}}],"collection":[{"href":"https:\/\/zaracaytv.com\/index.php?rest_route=\/wp\/v2\/posts"}],"about":[{"href":"https:\/\/zaracaytv.com\/index.php?rest_route=\/wp\/v2\/types\/post"}],"author":[{"embeddable":true,"href":"https:\/\/zaracaytv.com\/index.php?rest_route=\/wp\/v2\/users\/4"}],"replies":[{"embeddable":true,"href":"https:\/\/zaracaytv.com\/index.php?rest_route=%2Fwp%2Fv2%2Fcomments&post=24525"}],"version-history":[{"count":1,"href":"https:\/\/zaracaytv.com\/index.php?rest_route=\/wp\/v2\/posts\/24525\/revisions"}],"predecessor-version":[{"id":24528,"href":"https:\/\/zaracaytv.com\/index.php?rest_route=\/wp\/v2\/posts\/24525\/revisions\/24528"}],"wp:featuredmedia":[{"embeddable":true,"href":"https:\/\/zaracaytv.com\/index.php?rest_route=\/wp\/v2\/media\/24527"}],"wp:attachment":[{"href":"https:\/\/zaracaytv.com\/index.php?rest_route=%2Fwp%2Fv2%2Fmedia&parent=24525"}],"wp:term":[{"taxonomy":"category","embeddable":true,"href":"https:\/\/zaracaytv.com\/index.php?rest_route=%2Fwp%2Fv2%2Fcategories&post=24525"},{"taxonomy":"post_tag","embeddable":true,"href":"https:\/\/zaracaytv.com\/index.php?rest_route=%2Fwp%2Fv2%2Ftags&post=24525"}],"curies":[{"name":"wp","href":"https:\/\/api.w.org\/{rel}","templated":true}]}}