{"id":24515,"date":"2025-12-19T11:34:30","date_gmt":"2025-12-19T16:34:30","guid":{"rendered":"https:\/\/zaracaytv.com\/?p=24515"},"modified":"2025-12-19T11:34:30","modified_gmt":"2025-12-19T16:34:30","slug":"se-realizo-la-feria-de-proyectos-integradores-de-saberes","status":"publish","type":"post","link":"https:\/\/zaracaytv.com\/?p=24515","title":{"rendered":"SE REALIZ\u00d3 LA FERIA DE PROYECTOS INTEGRADORES DE SABERES"},"content":{"rendered":"<body><p><\/p><img loading=\"lazy\" decoding=\"async\" class=\"size-medium wp-image-24516 alignright\" src=\"https:\/\/zaracaytv.com\/wp-content\/uploads\/2025\/12\/vhkjko-300x170.png\" alt=\"\" width=\"300\" height=\"170\" loading=\"lazy\" srcset=\"https:\/\/zaracaytv.com\/wp-content\/uploads\/2025\/12\/vhkjko-300x170.png 300w, https:\/\/zaracaytv.com\/wp-content\/uploads\/2025\/12\/vhkjko-1024x581.png 1024w, https:\/\/zaracaytv.com\/wp-content\/uploads\/2025\/12\/vhkjko-768x436.png 768w, https:\/\/zaracaytv.com\/wp-content\/uploads\/2025\/12\/vhkjko-1536x872.png 1536w, https:\/\/zaracaytv.com\/wp-content\/uploads\/2025\/12\/vhkjko-570x324.png 570w, https:\/\/zaracaytv.com\/wp-content\/uploads\/2025\/12\/vhkjko-270x153.png 270w, https:\/\/zaracaytv.com\/wp-content\/uploads\/2025\/12\/vhkjko.png 1606w\" sizes=\"auto, (max-width: 300px) 100vw, 300px\" \/>En la Granja Mishil\u00ed se realiz\u00f3 la Feria de Proyectos Integradores de Saberes del Instituto Superior Tecnol\u00f3gico Ts\u00e1chila, con la finalidad de que los estudiantes de tres carreras expusieran los conocimientos adquiridos en las aulas a los j\u00f3venes de Unidades Educativas aleda\u00f1as, para que conozcan m\u00e1s a profundidad sobre estas \u00e1reas.\n<p>En la feria participaron la carrera de Producci\u00f3n Agropecuaria con alrededor de 120 estudiantes con 7 proyectos, de Contabilidad y Asesor\u00eda Tributar\u00eda, 60 participantes con tres investigaciones y 100 alumnos de Agroindustrias con cuatro trabajos. Algunos proyectos llamaron la atenci\u00f3n como el proceso de ensilaje, una t\u00e9cnica de fermentaci\u00f3n para la conservaci\u00f3n del pasto para alimentar el ganado en temporada de sequ\u00eda. De igual forma, la elaboraci\u00f3n de vino de grosella.<\/p>\n<p>Los proyectos fueron presentados en varios stands en donde los estudiantes expusieron los datos m\u00e1s relevantes de sus investigaciones realizadas en el transcurso del semestre que cursaron. Ellos se mostraron muy contentos con este tipo de espacios en los cuales pueden comunicar todo lo que han aprendido en su carrera.<\/p>\n<p>La vicerrectora del Instituto Superior Ts\u00e1chila aprovech\u00f3 la jornada para invitar a los j\u00f3venes interesados a inscribirse en la oferta acad\u00e9mica.<\/p>\n<p>En esta instituci\u00f3n hay 15 carreras enfocadas en las \u00e1reas de servicios, construcci\u00f3n, ingenier\u00eda, sector agroindustrial y agropecuario. Las cuales se pueden conocer en la p\u00e1gina web: <a href=\"http:\/\/www.tsachila.edu.ec\">www.tsachila.edu.ec<\/a>.<\/p>\n<\/body>","protected":false},"excerpt":{"rendered":"<p>En la Granja Mishil\u00ed se realiz\u00f3 la Feria de Proyectos Integradores de Saberes del Instituto Superior Tecnol\u00f3gico Ts\u00e1chila, con la finalidad de que los estudiantes de tres carreras expusieran los conocimientos adquiridos en las aulas a los j\u00f3venes de Unidades Educativas aleda\u00f1as, para que conozcan m\u00e1s a profundidad sobre estas \u00e1reas. En la feria participaron [&hellip;]<\/p>\n","protected":false},"author":4,"featured_media":24516,"comment_status":"closed","ping_status":"closed","sticky":false,"template":"","format":"standard","meta":{"om_disable_all_campaigns":false,"_joinchat":[],"footnotes":""},"categories":[31],"tags":[],"class_list":["post-24515","post","type-post","status-publish","format-standard","has-post-thumbnail","hentry","category-la-region"],"_links":{"self":[{"href":"https:\/\/zaracaytv.com\/index.php?rest_route=\/wp\/v2\/posts\/24515","targetHints":{"allow":["GET"]}}],"collection":[{"href":"https:\/\/zaracaytv.com\/index.php?rest_route=\/wp\/v2\/posts"}],"about":[{"href":"https:\/\/zaracaytv.com\/index.php?rest_route=\/wp\/v2\/types\/post"}],"author":[{"embeddable":true,"href":"https:\/\/zaracaytv.com\/index.php?rest_route=\/wp\/v2\/users\/4"}],"replies":[{"embeddable":true,"href":"https:\/\/zaracaytv.com\/index.php?rest_route=%2Fwp%2Fv2%2Fcomments&post=24515"}],"version-history":[{"count":1,"href":"https:\/\/zaracaytv.com\/index.php?rest_route=\/wp\/v2\/posts\/24515\/revisions"}],"predecessor-version":[{"id":24517,"href":"https:\/\/zaracaytv.com\/index.php?rest_route=\/wp\/v2\/posts\/24515\/revisions\/24517"}],"wp:featuredmedia":[{"embeddable":true,"href":"https:\/\/zaracaytv.com\/index.php?rest_route=\/wp\/v2\/media\/24516"}],"wp:attachment":[{"href":"https:\/\/zaracaytv.com\/index.php?rest_route=%2Fwp%2Fv2%2Fmedia&parent=24515"}],"wp:term":[{"taxonomy":"category","embeddable":true,"href":"https:\/\/zaracaytv.com\/index.php?rest_route=%2Fwp%2Fv2%2Fcategories&post=24515"},{"taxonomy":"post_tag","embeddable":true,"href":"https:\/\/zaracaytv.com\/index.php?rest_route=%2Fwp%2Fv2%2Ftags&post=24515"}],"curies":[{"name":"wp","href":"https:\/\/api.w.org\/{rel}","templated":true}]}}