{"id":24512,"date":"2025-12-19T11:21:36","date_gmt":"2025-12-19T16:21:36","guid":{"rendered":"https:\/\/zaracaytv.com\/?p=24512"},"modified":"2025-12-19T11:21:36","modified_gmt":"2025-12-19T16:21:36","slug":"expertos-se-pronuncian-sobre-la-llegada-de-militares-extranjeros","status":"publish","type":"post","link":"https:\/\/zaracaytv.com\/?p=24512","title":{"rendered":"EXPERTOS SE PRONUNCIAN SOBRE LA LLEGADA DE MILITARES EXTRANJEROS"},"content":{"rendered":"<body><p><\/p><span style=\"font-weight: 400;\"><img loading=\"lazy\" decoding=\"async\" class=\"size-medium wp-image-24513 alignleft\" src=\"https:\/\/zaracaytv.com\/wp-content\/uploads\/2025\/12\/dfthf-300x162.png\" alt=\"\" width=\"300\" height=\"162\" loading=\"lazy\" srcset=\"https:\/\/zaracaytv.com\/wp-content\/uploads\/2025\/12\/dfthf-300x162.png 300w, https:\/\/zaracaytv.com\/wp-content\/uploads\/2025\/12\/dfthf-1024x551.png 1024w, https:\/\/zaracaytv.com\/wp-content\/uploads\/2025\/12\/dfthf-768x414.png 768w, https:\/\/zaracaytv.com\/wp-content\/uploads\/2025\/12\/dfthf-1536x827.png 1536w, https:\/\/zaracaytv.com\/wp-content\/uploads\/2025\/12\/dfthf-570x307.png 570w, https:\/\/zaracaytv.com\/wp-content\/uploads\/2025\/12\/dfthf-270x145.png 270w, https:\/\/zaracaytv.com\/wp-content\/uploads\/2025\/12\/dfthf.png 1610w\" sizes=\"auto, (max-width: 300px) 100vw, 300px\" \/>Expertos en seguridad han reaccionado al reciente despliegue de personal militar estadounidense en la base a\u00e9rea de Manta, ubicada en la provincia de Manab\u00ed, como parte de un esfuerzo conjunto para combatir el narcotr\u00e1fico. Seg\u00fan el presidente Daniel Noboa, esta misi\u00f3n busca identificar y desmantelar las rutas del narcotr\u00e1fico, adem\u00e1s de enfrentar a los grupos criminales que operan en el pa\u00eds. El abogado y experto en seguridad Carlos Taipe destac\u00f3 que la presencia de militares norteamericanos representa un avance importante para contrarrestar a las organizaciones delictivas, pues su colaboraci\u00f3n abarcar\u00e1 todo el territorio nacional.\u00a0<\/span>\n<p>As\u00ed mismo, subray\u00f3 que esta intervenci\u00f3n tiene un car\u00e1cter temporal, descartando una permanencia prolongada como la que se hab\u00eda planteado previamente en el referendo del pasado 16 de noviembre, cuando los ciudadanos rechazaron tal propuesta.<\/p>\n<p>Por su parte, Fausto Jerez, presidente del Colegio de Abogados de Santo Domingo, considera que este acuerdo no vulnera disposiciones constitucionales y se enmarca dentro de las normas que permiten este tipo de cooperaci\u00f3n internacional.<\/p>\n<p>El gobierno de Estados Unidos confirm\u00f3 que el despliegue del personal militar forma parte de una operaci\u00f3n conjunta con el Ej\u00e9rcito ecuatoriano orientada a combatir el narcoterrorismo en la regi\u00f3n. Este operativo se desarrolla bajo acuerdos establecidos en materia de seguridad y marca el retorno de las fuerzas estadounidenses a una base estrat\u00e9gica ecuatoriana, la cual tuvo un rol destacado hasta su cierre en 2009. La noticia ha generado altas expectativas entre la ciudadan\u00eda, quienes ven en esta colaboraci\u00f3n una oportunidad para afrontar con mayor contundencia los desaf\u00edos del crimen organizado.<\/p>\n<\/body>","protected":false},"excerpt":{"rendered":"<p>Expertos en seguridad han reaccionado al reciente despliegue de personal militar estadounidense en la base a\u00e9rea de Manta, ubicada en la provincia de Manab\u00ed, como parte de un esfuerzo conjunto para combatir el narcotr\u00e1fico. Seg\u00fan el presidente Daniel Noboa, esta misi\u00f3n busca identificar y desmantelar las rutas del narcotr\u00e1fico, adem\u00e1s de enfrentar a los grupos [&hellip;]<\/p>\n","protected":false},"author":4,"featured_media":24513,"comment_status":"closed","ping_status":"closed","sticky":false,"template":"","format":"standard","meta":{"om_disable_all_campaigns":false,"_joinchat":[],"footnotes":""},"categories":[31],"tags":[],"class_list":["post-24512","post","type-post","status-publish","format-standard","has-post-thumbnail","hentry","category-la-region"],"_links":{"self":[{"href":"https:\/\/zaracaytv.com\/index.php?rest_route=\/wp\/v2\/posts\/24512","targetHints":{"allow":["GET"]}}],"collection":[{"href":"https:\/\/zaracaytv.com\/index.php?rest_route=\/wp\/v2\/posts"}],"about":[{"href":"https:\/\/zaracaytv.com\/index.php?rest_route=\/wp\/v2\/types\/post"}],"author":[{"embeddable":true,"href":"https:\/\/zaracaytv.com\/index.php?rest_route=\/wp\/v2\/users\/4"}],"replies":[{"embeddable":true,"href":"https:\/\/zaracaytv.com\/index.php?rest_route=%2Fwp%2Fv2%2Fcomments&post=24512"}],"version-history":[{"count":1,"href":"https:\/\/zaracaytv.com\/index.php?rest_route=\/wp\/v2\/posts\/24512\/revisions"}],"predecessor-version":[{"id":24514,"href":"https:\/\/zaracaytv.com\/index.php?rest_route=\/wp\/v2\/posts\/24512\/revisions\/24514"}],"wp:featuredmedia":[{"embeddable":true,"href":"https:\/\/zaracaytv.com\/index.php?rest_route=\/wp\/v2\/media\/24513"}],"wp:attachment":[{"href":"https:\/\/zaracaytv.com\/index.php?rest_route=%2Fwp%2Fv2%2Fmedia&parent=24512"}],"wp:term":[{"taxonomy":"category","embeddable":true,"href":"https:\/\/zaracaytv.com\/index.php?rest_route=%2Fwp%2Fv2%2Fcategories&post=24512"},{"taxonomy":"post_tag","embeddable":true,"href":"https:\/\/zaracaytv.com\/index.php?rest_route=%2Fwp%2Fv2%2Ftags&post=24512"}],"curies":[{"name":"wp","href":"https:\/\/api.w.org\/{rel}","templated":true}]}}