{"id":24509,"date":"2025-12-19T11:11:01","date_gmt":"2025-12-19T16:11:01","guid":{"rendered":"https:\/\/zaracaytv.com\/?p=24509"},"modified":"2025-12-19T11:11:01","modified_gmt":"2025-12-19T16:11:01","slug":"34-anos-de-carcel-fue-condenado-cristian-b","status":"publish","type":"post","link":"https:\/\/zaracaytv.com\/?p=24509","title":{"rendered":"34 A\u00d1OS DE C\u00c1RCEL FUE CONDENADO CRISTIAN B."},"content":{"rendered":"<body><p><\/p><img loading=\"lazy\" decoding=\"async\" class=\"size-medium wp-image-24510 alignleft\" src=\"https:\/\/zaracaytv.com\/wp-content\/uploads\/2025\/12\/vhk-300x164.png\" alt=\"\" width=\"300\" height=\"164\" loading=\"lazy\" srcset=\"https:\/\/zaracaytv.com\/wp-content\/uploads\/2025\/12\/vhk-300x164.png 300w, https:\/\/zaracaytv.com\/wp-content\/uploads\/2025\/12\/vhk-1024x560.png 1024w, https:\/\/zaracaytv.com\/wp-content\/uploads\/2025\/12\/vhk-768x420.png 768w, https:\/\/zaracaytv.com\/wp-content\/uploads\/2025\/12\/vhk-1536x840.png 1536w, https:\/\/zaracaytv.com\/wp-content\/uploads\/2025\/12\/vhk-570x312.png 570w, https:\/\/zaracaytv.com\/wp-content\/uploads\/2025\/12\/vhk-270x148.png 270w, https:\/\/zaracaytv.com\/wp-content\/uploads\/2025\/12\/vhk.png 1663w\" sizes=\"auto, (max-width: 300px) 100vw, 300px\" \/>A 34 a\u00f1os de c\u00e1rcel fue condenado Cristian B., autor material del asesinato de Cristina Balc\u00e1zar y su beb\u00e9 de 7 meses en el a\u00f1o 2020. La sentencia se dio tras 4 d\u00edas de audiencias y m\u00e1s de 5 a\u00f1os de lucha por parte de la familia de Cristina. Mar\u00eda Ortiz, madre de la v\u00edctima, manifest\u00f3 que se hizo justicia para su hija y su nieto tras las diferentes pruebas y testimonios presentados al juzgado.\n<p>Mar\u00eda explic\u00f3 que el caso de su hija no es el \u00fanico en el pa\u00eds, por lo cual recomend\u00f3 a las madres que est\u00e9n pasando por una situaci\u00f3n similar a no desistir, evitar quedarse calladas y luchar por la verdad como ella lo hizo hasta encontrar justicia. El caso de Cristina Balc\u00e1zar marca un precedente para futuros procesos judiciales.<\/p>\n<p>Durante la \u00faltima audiencia, como se hizo costumbre, su familia levant\u00f3 un altar con im\u00e1genes de varias de las v\u00edctimas de femicidio en el pa\u00eds para que las mujeres sepan que no est\u00e1n solas en esta lucha.<\/p>\n<p>A pesar de la demora en el proceso de juzgamiento del implicado, la familia expres\u00f3 que est\u00e1 conforme con el resultado porque ahora Cristina y su beb\u00e9 podr\u00e1n descansar en paz.<\/p>\n<\/body>","protected":false},"excerpt":{"rendered":"<p>A 34 a\u00f1os de c\u00e1rcel fue condenado Cristian B., autor material del asesinato de Cristina Balc\u00e1zar y su beb\u00e9 de 7 meses en el a\u00f1o 2020. La sentencia se dio tras 4 d\u00edas de audiencias y m\u00e1s de 5 a\u00f1os de lucha por parte de la familia de Cristina. Mar\u00eda Ortiz, madre de la v\u00edctima, [&hellip;]<\/p>\n","protected":false},"author":4,"featured_media":24510,"comment_status":"closed","ping_status":"closed","sticky":false,"template":"","format":"standard","meta":{"om_disable_all_campaigns":false,"_joinchat":[],"footnotes":""},"categories":[31],"tags":[],"class_list":["post-24509","post","type-post","status-publish","format-standard","has-post-thumbnail","hentry","category-la-region"],"_links":{"self":[{"href":"https:\/\/zaracaytv.com\/index.php?rest_route=\/wp\/v2\/posts\/24509","targetHints":{"allow":["GET"]}}],"collection":[{"href":"https:\/\/zaracaytv.com\/index.php?rest_route=\/wp\/v2\/posts"}],"about":[{"href":"https:\/\/zaracaytv.com\/index.php?rest_route=\/wp\/v2\/types\/post"}],"author":[{"embeddable":true,"href":"https:\/\/zaracaytv.com\/index.php?rest_route=\/wp\/v2\/users\/4"}],"replies":[{"embeddable":true,"href":"https:\/\/zaracaytv.com\/index.php?rest_route=%2Fwp%2Fv2%2Fcomments&post=24509"}],"version-history":[{"count":1,"href":"https:\/\/zaracaytv.com\/index.php?rest_route=\/wp\/v2\/posts\/24509\/revisions"}],"predecessor-version":[{"id":24511,"href":"https:\/\/zaracaytv.com\/index.php?rest_route=\/wp\/v2\/posts\/24509\/revisions\/24511"}],"wp:featuredmedia":[{"embeddable":true,"href":"https:\/\/zaracaytv.com\/index.php?rest_route=\/wp\/v2\/media\/24510"}],"wp:attachment":[{"href":"https:\/\/zaracaytv.com\/index.php?rest_route=%2Fwp%2Fv2%2Fmedia&parent=24509"}],"wp:term":[{"taxonomy":"category","embeddable":true,"href":"https:\/\/zaracaytv.com\/index.php?rest_route=%2Fwp%2Fv2%2Fcategories&post=24509"},{"taxonomy":"post_tag","embeddable":true,"href":"https:\/\/zaracaytv.com\/index.php?rest_route=%2Fwp%2Fv2%2Ftags&post=24509"}],"curies":[{"name":"wp","href":"https:\/\/api.w.org\/{rel}","templated":true}]}}