{"id":24506,"date":"2025-12-19T11:00:20","date_gmt":"2025-12-19T16:00:20","guid":{"rendered":"https:\/\/zaracaytv.com\/?p=24506"},"modified":"2025-12-19T11:47:38","modified_gmt":"2025-12-19T16:47:38","slug":"luto-en-el-futbol-ecuatoriano-por-el-fallecimiento-de-mario-pineida","status":"publish","type":"post","link":"https:\/\/zaracaytv.com\/?p=24506","title":{"rendered":"LUTO EN EL F\u00daTBOL ECUATORIANO POR EL FALLECIMIENTO DE MARIO PINEIDA"},"content":{"rendered":"<body><p><\/p><img loading=\"lazy\" decoding=\"async\" class=\"size-medium wp-image-24507 alignleft\" src=\"https:\/\/zaracaytv.com\/wp-content\/uploads\/2025\/12\/gettyimages-1487587434-300x169.jpg\" alt=\"\" width=\"300\" height=\"169\" loading=\"lazy\" srcset=\"https:\/\/zaracaytv.com\/wp-content\/uploads\/2025\/12\/gettyimages-1487587434-300x169.jpg 300w, https:\/\/zaracaytv.com\/wp-content\/uploads\/2025\/12\/gettyimages-1487587434-1024x576.jpg 1024w, https:\/\/zaracaytv.com\/wp-content\/uploads\/2025\/12\/gettyimages-1487587434-768x432.jpg 768w, https:\/\/zaracaytv.com\/wp-content\/uploads\/2025\/12\/gettyimages-1487587434-570x321.jpg 570w, https:\/\/zaracaytv.com\/wp-content\/uploads\/2025\/12\/gettyimages-1487587434-270x152.jpg 270w, https:\/\/zaracaytv.com\/wp-content\/uploads\/2025\/12\/gettyimages-1487587434.jpg 1280w\" sizes=\"auto, (max-width: 300px) 100vw, 300px\" \/>La tarde del mi\u00e9rcoles 17 de diciembre se apag\u00f3 la vida de Mario Pineida, lateral izquierdo de Barcelona Sporting Club, oriundo de Santo Domingo de los Ts\u00e1chilas. Ten\u00eda 33 a\u00f1os y una trayectoria que lo llev\u00f3 desde una cancha barrial hasta los estadios m\u00e1s importantes del pa\u00eds y del continente. Mario Pineida fue un futbolista de car\u00e1cter fuerte dentro del campo y de trato sencillo fuera de \u00e9l. Defendi\u00f3 los colores de Independiente del Valle, El Nacional y Barcelona SC. Tambi\u00e9n alcanz\u00f3 semifinales de Copa Libertadores. A nivel internacional jug\u00f3 en Fluminense, donde tambi\u00e9n celebr\u00f3 t\u00edtulos. Su entrega le permiti\u00f3 vestir la camiseta de la Selecci\u00f3n Ecuatoriana. Su historia comenz\u00f3 en la Cooperativa Nuevo Santo Domingo, en una cancha comunitaria donde dio sus primeros pasos en el f\u00fatbol. Jos\u00e9 Pe\u00f1arrieta, director del club Perugia 33, recuerda que Mario inici\u00f3 como arquero y que, tras una evaluaci\u00f3n, pas\u00f3 a jugar en cancha, decisi\u00f3n que marcar\u00eda su destino. Con el tiempo, aquel ni\u00f1o se convirti\u00f3 en parte de una familia deportiva.\n<p>Sus vecinas, do\u00f1a Miriam Cordero y Martha Soria, evocan al ni\u00f1o que jugaba en la calle con los chicos del barrio. Coinciden en algo: Mario nunca perdi\u00f3 la humildad ni la sencillez, incluso cuando el f\u00fatbol lo llev\u00f3 lejos de casa.<\/p>\n<p>Compa\u00f1eros del balompi\u00e9 tambi\u00e9n lo despiden. Henry Qui\u00f1\u00f3nez, futbolista profesional, resalt\u00f3 el carisma y la calidad humana de quien muchos conoc\u00edan como \u201cel Pitbull\u201d.<\/p>\n<p>Hoy, Santo Domingo llora a uno de sus hijos. Su presencia ya no estar\u00e1 en la cancha, pero su historia vivir\u00e1 en el recuerdo de su barrio, de sus amigos, de su familia y de quienes aprendieron que el f\u00fatbol tambi\u00e9n deja fraternidad, afecto y memoria. En el barrio donde creci\u00f3 a\u00fan se conserva el cuadro del club que lo vio nacer. Hasta siempre, Mario Pineida.<\/p>\n<p>\u00a0<\/p>\n<p><iframe title=\"LA REGI\u00d3N - LUTO EN EL F\u00daTBOL ECUATORIANO POR EL FALLECIMIENTO DE MARIO PINEIDA\" width=\"800\" height=\"450\" src=\"https:\/\/www.youtube.com\/embed\/h2F4uv5d_Lg?feature=oembed\" frameborder=\"0\" allow=\"accelerometer; autoplay; clipboard-write; encrypted-media; gyroscope; picture-in-picture; web-share\" referrerpolicy=\"strict-origin-when-cross-origin\" allowfullscreen><\/iframe><\/p>\n<\/body>","protected":false},"excerpt":{"rendered":"<p>La tarde del mi\u00e9rcoles 17 de diciembre se apag\u00f3 la vida de Mario Pineida, lateral izquierdo de Barcelona Sporting Club, oriundo de Santo Domingo de los Ts\u00e1chilas. Ten\u00eda 33 a\u00f1os y una trayectoria que lo llev\u00f3 desde una cancha barrial hasta los estadios m\u00e1s importantes del pa\u00eds y del continente. Mario Pineida fue un futbolista [&hellip;]<\/p>\n","protected":false},"author":4,"featured_media":24507,"comment_status":"closed","ping_status":"closed","sticky":false,"template":"","format":"standard","meta":{"om_disable_all_campaigns":false,"_joinchat":[],"footnotes":""},"categories":[31],"tags":[],"class_list":["post-24506","post","type-post","status-publish","format-standard","has-post-thumbnail","hentry","category-la-region"],"_links":{"self":[{"href":"https:\/\/zaracaytv.com\/index.php?rest_route=\/wp\/v2\/posts\/24506","targetHints":{"allow":["GET"]}}],"collection":[{"href":"https:\/\/zaracaytv.com\/index.php?rest_route=\/wp\/v2\/posts"}],"about":[{"href":"https:\/\/zaracaytv.com\/index.php?rest_route=\/wp\/v2\/types\/post"}],"author":[{"embeddable":true,"href":"https:\/\/zaracaytv.com\/index.php?rest_route=\/wp\/v2\/users\/4"}],"replies":[{"embeddable":true,"href":"https:\/\/zaracaytv.com\/index.php?rest_route=%2Fwp%2Fv2%2Fcomments&post=24506"}],"version-history":[{"count":2,"href":"https:\/\/zaracaytv.com\/index.php?rest_route=\/wp\/v2\/posts\/24506\/revisions"}],"predecessor-version":[{"id":24521,"href":"https:\/\/zaracaytv.com\/index.php?rest_route=\/wp\/v2\/posts\/24506\/revisions\/24521"}],"wp:featuredmedia":[{"embeddable":true,"href":"https:\/\/zaracaytv.com\/index.php?rest_route=\/wp\/v2\/media\/24507"}],"wp:attachment":[{"href":"https:\/\/zaracaytv.com\/index.php?rest_route=%2Fwp%2Fv2%2Fmedia&parent=24506"}],"wp:term":[{"taxonomy":"category","embeddable":true,"href":"https:\/\/zaracaytv.com\/index.php?rest_route=%2Fwp%2Fv2%2Fcategories&post=24506"},{"taxonomy":"post_tag","embeddable":true,"href":"https:\/\/zaracaytv.com\/index.php?rest_route=%2Fwp%2Fv2%2Ftags&post=24506"}],"curies":[{"name":"wp","href":"https:\/\/api.w.org\/{rel}","templated":true}]}}