{"id":24502,"date":"2025-12-19T09:24:32","date_gmt":"2025-12-19T14:24:32","guid":{"rendered":"https:\/\/zaracaytv.com\/?p=24502"},"modified":"2025-12-19T09:24:32","modified_gmt":"2025-12-19T14:24:32","slug":"comerciantes-de-carnicos-afectados-por-bajas-ventas-en-mercado-central","status":"publish","type":"post","link":"https:\/\/zaracaytv.com\/?p=24502","title":{"rendered":"COMERCIANTES DE C\u00c1RNICOS AFECTADOS POR BAJAS VENTAS EN MERCADO CENTRAL"},"content":{"rendered":"<body><p><\/p><span style=\"font-weight: 400;\"><img loading=\"lazy\" decoding=\"async\" class=\"size-medium wp-image-24503 alignleft\" src=\"https:\/\/zaracaytv.com\/wp-content\/uploads\/2025\/12\/frg-300x173.png\" alt=\"\" width=\"300\" height=\"173\" loading=\"lazy\" srcset=\"https:\/\/zaracaytv.com\/wp-content\/uploads\/2025\/12\/frg-300x173.png 300w, https:\/\/zaracaytv.com\/wp-content\/uploads\/2025\/12\/frg-1024x591.png 1024w, https:\/\/zaracaytv.com\/wp-content\/uploads\/2025\/12\/frg-768x443.png 768w, https:\/\/zaracaytv.com\/wp-content\/uploads\/2025\/12\/frg-570x330.png 570w, https:\/\/zaracaytv.com\/wp-content\/uploads\/2025\/12\/frg-270x156.png 270w, https:\/\/zaracaytv.com\/wp-content\/uploads\/2025\/12\/frg.png 1533w\" sizes=\"auto, (max-width: 300px) 100vw, 300px\" \/>Desde hace un par de meses los comerciantes de c\u00e1rnicos del Mercado Central Municipal dicen que est\u00e1n pasando duros momentos por las bajas ventas. Ellos tuvieron una reactivaci\u00f3n de sus actividades en mayo y junio con el cierre vehicular de un tramo de la calle Ambato, pero la situaci\u00f3n es dif\u00edcil les juega en contra, dijo Javier Lara. Otros creen que es por la temporada navide\u00f1a y por la falta de control del comercio informal, principalmente.\u00a0<\/span>\n<p><span style=\"font-weight: 400;\">A esto se suma la iniciativa municipal de vender los locales de este mercado, a\u00f1adi\u00f3 Elena Armijos, quien considera que la parte econ\u00f3mica es un factor que se debe mirar a la hora de proponer la ordenanza. <img loading=\"lazy\" decoding=\"async\" class=\"size-medium wp-image-24504 alignright\" src=\"https:\/\/zaracaytv.com\/wp-content\/uploads\/2025\/12\/wef-300x163.png\" alt=\"\" width=\"300\" height=\"163\" loading=\"lazy\" srcset=\"https:\/\/zaracaytv.com\/wp-content\/uploads\/2025\/12\/wef-300x163.png 300w, https:\/\/zaracaytv.com\/wp-content\/uploads\/2025\/12\/wef-1024x555.png 1024w, https:\/\/zaracaytv.com\/wp-content\/uploads\/2025\/12\/wef-768x417.png 768w, https:\/\/zaracaytv.com\/wp-content\/uploads\/2025\/12\/wef-1536x833.png 1536w, https:\/\/zaracaytv.com\/wp-content\/uploads\/2025\/12\/wef-570x309.png 570w, https:\/\/zaracaytv.com\/wp-content\/uploads\/2025\/12\/wef-270x146.png 270w, https:\/\/zaracaytv.com\/wp-content\/uploads\/2025\/12\/wef.png 1593w\" sizes=\"auto, (max-width: 300px) 100vw, 300px\" \/><\/span><\/p>\n<p><span style=\"font-weight: 400;\">Los clientes que se mantienen fieles e ingresan al mercado dicen que lo hacen por seguridad.\u00a0<\/span><\/p>\n<p><span style=\"font-weight: 400;\">El cierre de la calle Ambato se hizo en el mes de mayo de este a\u00f1o. Desde hace cerca de 2 meses los comerciantes registraron mejoras en sus ventas. Ahora tienen bajas expectativas para el pr\u00f3ximo a\u00f1o si la situaci\u00f3n se mantiene de esta manera.\u00a0<\/span><\/p>\n<\/body>","protected":false},"excerpt":{"rendered":"<p>Desde hace un par de meses los comerciantes de c\u00e1rnicos del Mercado Central Municipal dicen que est\u00e1n pasando duros momentos por las bajas ventas. Ellos tuvieron una reactivaci\u00f3n de sus actividades en mayo y junio con el cierre vehicular de un tramo de la calle Ambato, pero la situaci\u00f3n es dif\u00edcil les juega en contra, [&hellip;]<\/p>\n","protected":false},"author":4,"featured_media":24504,"comment_status":"closed","ping_status":"closed","sticky":false,"template":"","format":"standard","meta":{"om_disable_all_campaigns":false,"_joinchat":[],"footnotes":""},"categories":[31],"tags":[],"class_list":["post-24502","post","type-post","status-publish","format-standard","has-post-thumbnail","hentry","category-la-region"],"_links":{"self":[{"href":"https:\/\/zaracaytv.com\/index.php?rest_route=\/wp\/v2\/posts\/24502","targetHints":{"allow":["GET"]}}],"collection":[{"href":"https:\/\/zaracaytv.com\/index.php?rest_route=\/wp\/v2\/posts"}],"about":[{"href":"https:\/\/zaracaytv.com\/index.php?rest_route=\/wp\/v2\/types\/post"}],"author":[{"embeddable":true,"href":"https:\/\/zaracaytv.com\/index.php?rest_route=\/wp\/v2\/users\/4"}],"replies":[{"embeddable":true,"href":"https:\/\/zaracaytv.com\/index.php?rest_route=%2Fwp%2Fv2%2Fcomments&post=24502"}],"version-history":[{"count":1,"href":"https:\/\/zaracaytv.com\/index.php?rest_route=\/wp\/v2\/posts\/24502\/revisions"}],"predecessor-version":[{"id":24505,"href":"https:\/\/zaracaytv.com\/index.php?rest_route=\/wp\/v2\/posts\/24502\/revisions\/24505"}],"wp:featuredmedia":[{"embeddable":true,"href":"https:\/\/zaracaytv.com\/index.php?rest_route=\/wp\/v2\/media\/24504"}],"wp:attachment":[{"href":"https:\/\/zaracaytv.com\/index.php?rest_route=%2Fwp%2Fv2%2Fmedia&parent=24502"}],"wp:term":[{"taxonomy":"category","embeddable":true,"href":"https:\/\/zaracaytv.com\/index.php?rest_route=%2Fwp%2Fv2%2Fcategories&post=24502"},{"taxonomy":"post_tag","embeddable":true,"href":"https:\/\/zaracaytv.com\/index.php?rest_route=%2Fwp%2Fv2%2Ftags&post=24502"}],"curies":[{"name":"wp","href":"https:\/\/api.w.org\/{rel}","templated":true}]}}