{"id":24498,"date":"2025-12-19T13:30:42","date_gmt":"2025-12-19T18:30:42","guid":{"rendered":"https:\/\/zaracaytv.com\/?p=24498"},"modified":"2025-12-19T09:16:06","modified_gmt":"2025-12-19T14:16:06","slug":"temporada-del-mango-impulsa-las-ventas-hasta-en-un-20-por-ciento","status":"publish","type":"post","link":"https:\/\/zaracaytv.com\/?p=24498","title":{"rendered":"TEMPORADA DEL MANGO IMPULSA LAS VENTAS HASTA EN UN 20 POR CIENTO"},"content":{"rendered":"<body><p><\/p><img loading=\"lazy\" decoding=\"async\" class=\"size-medium wp-image-24499 alignleft\" src=\"https:\/\/zaracaytv.com\/wp-content\/uploads\/2025\/12\/RGE-300x176.png\" alt=\"\" width=\"300\" height=\"176\" loading=\"lazy\" srcset=\"https:\/\/zaracaytv.com\/wp-content\/uploads\/2025\/12\/RGE-300x176.png 300w, https:\/\/zaracaytv.com\/wp-content\/uploads\/2025\/12\/RGE-1024x599.png 1024w, https:\/\/zaracaytv.com\/wp-content\/uploads\/2025\/12\/RGE-768x450.png 768w, https:\/\/zaracaytv.com\/wp-content\/uploads\/2025\/12\/RGE-564x330.png 564w, https:\/\/zaracaytv.com\/wp-content\/uploads\/2025\/12\/RGE-270x158.png 270w, https:\/\/zaracaytv.com\/wp-content\/uploads\/2025\/12\/RGE.png 1389w\" sizes=\"auto, (max-width: 300px) 100vw, 300px\" \/>La venta de mangos increment\u00f3 hasta en un 20% en Santo Domingo. Los comerciantes manifestaron que la temporada de este fruto tropical arranca desde octubre y se extiende hasta febrero, pero antes que acabe el a\u00f1o es cuando mayor demanda hay. Carlos Campoverde, vendedor de este producto, mencion\u00f3 que existen diferentes precios: por cajas que van desde los $5 hasta los $20 y por unidades pueden adquirir 10 x $1 en el mango de chupar.\n<p>En las estanter\u00edas se exhiben tres variedades de mangos como el de Chupar, Tommy y Edward recalcaron los comerciantes, quienes expresaron que la calidad de este producto se ha mantenido favorable para estas fechas. <img loading=\"lazy\" decoding=\"async\" class=\"size-medium wp-image-24500 alignright\" src=\"https:\/\/zaracaytv.com\/wp-content\/uploads\/2025\/12\/rg-300x163.png\" alt=\"\" width=\"300\" height=\"163\" loading=\"lazy\" srcset=\"https:\/\/zaracaytv.com\/wp-content\/uploads\/2025\/12\/rg-300x163.png 300w, https:\/\/zaracaytv.com\/wp-content\/uploads\/2025\/12\/rg-1024x556.png 1024w, https:\/\/zaracaytv.com\/wp-content\/uploads\/2025\/12\/rg-768x417.png 768w, https:\/\/zaracaytv.com\/wp-content\/uploads\/2025\/12\/rg-1536x835.png 1536w, https:\/\/zaracaytv.com\/wp-content\/uploads\/2025\/12\/rg-570x310.png 570w, https:\/\/zaracaytv.com\/wp-content\/uploads\/2025\/12\/rg-270x147.png 270w, https:\/\/zaracaytv.com\/wp-content\/uploads\/2025\/12\/rg.png 1588w\" sizes=\"auto, (max-width: 300px) 100vw, 300px\" \/><\/p>\n<p>Los ciudadanos han aprovechado una de las fechas m\u00e1s dulces del a\u00f1o para comprar los mangos, destacando que la alta producci\u00f3n del fruto mantiene econ\u00f3mico su precio en los diferentes establecimientos.<\/p>\n<p>Sin embargo, los comerciantes tambi\u00e9n indicaron que esta temporada ha sido baja para el pl\u00e1tano, el cual se mantiene escaso y costoso, pues las lluvias no se han presentado en los sembr\u00edos. Esta situaci\u00f3n ha perdurado ya m\u00e1s de 6 meses en el pa\u00eds.<\/p>\n<\/body>","protected":false},"excerpt":{"rendered":"<p>La venta de mangos increment\u00f3 hasta en un 20% en Santo Domingo. Los comerciantes manifestaron que la temporada de este fruto tropical arranca desde octubre y se extiende hasta febrero, pero antes que acabe el a\u00f1o es cuando mayor demanda hay. Carlos Campoverde, vendedor de este producto, mencion\u00f3 que existen diferentes precios: por cajas que [&hellip;]<\/p>\n","protected":false},"author":4,"featured_media":24499,"comment_status":"closed","ping_status":"closed","sticky":false,"template":"","format":"standard","meta":{"om_disable_all_campaigns":false,"_joinchat":[],"footnotes":""},"categories":[31],"tags":[],"class_list":["post-24498","post","type-post","status-publish","format-standard","has-post-thumbnail","hentry","category-la-region"],"_links":{"self":[{"href":"https:\/\/zaracaytv.com\/index.php?rest_route=\/wp\/v2\/posts\/24498","targetHints":{"allow":["GET"]}}],"collection":[{"href":"https:\/\/zaracaytv.com\/index.php?rest_route=\/wp\/v2\/posts"}],"about":[{"href":"https:\/\/zaracaytv.com\/index.php?rest_route=\/wp\/v2\/types\/post"}],"author":[{"embeddable":true,"href":"https:\/\/zaracaytv.com\/index.php?rest_route=\/wp\/v2\/users\/4"}],"replies":[{"embeddable":true,"href":"https:\/\/zaracaytv.com\/index.php?rest_route=%2Fwp%2Fv2%2Fcomments&post=24498"}],"version-history":[{"count":1,"href":"https:\/\/zaracaytv.com\/index.php?rest_route=\/wp\/v2\/posts\/24498\/revisions"}],"predecessor-version":[{"id":24501,"href":"https:\/\/zaracaytv.com\/index.php?rest_route=\/wp\/v2\/posts\/24498\/revisions\/24501"}],"wp:featuredmedia":[{"embeddable":true,"href":"https:\/\/zaracaytv.com\/index.php?rest_route=\/wp\/v2\/media\/24499"}],"wp:attachment":[{"href":"https:\/\/zaracaytv.com\/index.php?rest_route=%2Fwp%2Fv2%2Fmedia&parent=24498"}],"wp:term":[{"taxonomy":"category","embeddable":true,"href":"https:\/\/zaracaytv.com\/index.php?rest_route=%2Fwp%2Fv2%2Fcategories&post=24498"},{"taxonomy":"post_tag","embeddable":true,"href":"https:\/\/zaracaytv.com\/index.php?rest_route=%2Fwp%2Fv2%2Ftags&post=24498"}],"curies":[{"name":"wp","href":"https:\/\/api.w.org\/{rel}","templated":true}]}}