{"id":22718,"date":"2025-09-04T09:17:30","date_gmt":"2025-09-04T14:17:30","guid":{"rendered":"https:\/\/zaracaytv.com\/?p=22718"},"modified":"2025-09-04T09:17:30","modified_gmt":"2025-09-04T14:17:30","slug":"lisboa-conmocionada-por-la-tragedia-del-funicular","status":"publish","type":"post","link":"https:\/\/zaracaytv.com\/?p=22718","title":{"rendered":"LISBOA, CONMOCIONADA POR LA TRAGEDIA DEL FUNICULAR"},"content":{"rendered":"<body><p><\/p><span style=\"font-weight: 400;\"><img loading=\"lazy\" decoding=\"async\" class=\"size-medium wp-image-22719 alignleft\" src=\"https:\/\/zaracaytv.com\/wp-content\/uploads\/2025\/09\/2025-09-03T224708Z-984175630-RC2HKGAC60CX-RTRMADP-3-PORTUGAL-ACCIDENT-300x169.jpg\" alt=\"\" width=\"300\" height=\"169\" loading=\"lazy\" srcset=\"https:\/\/zaracaytv.com\/wp-content\/uploads\/2025\/09\/2025-09-03T224708Z-984175630-RC2HKGAC60CX-RTRMADP-3-PORTUGAL-ACCIDENT-300x169.jpg 300w, https:\/\/zaracaytv.com\/wp-content\/uploads\/2025\/09\/2025-09-03T224708Z-984175630-RC2HKGAC60CX-RTRMADP-3-PORTUGAL-ACCIDENT-1024x576.jpg 1024w, https:\/\/zaracaytv.com\/wp-content\/uploads\/2025\/09\/2025-09-03T224708Z-984175630-RC2HKGAC60CX-RTRMADP-3-PORTUGAL-ACCIDENT-768x432.jpg 768w, https:\/\/zaracaytv.com\/wp-content\/uploads\/2025\/09\/2025-09-03T224708Z-984175630-RC2HKGAC60CX-RTRMADP-3-PORTUGAL-ACCIDENT-570x321.jpg 570w, https:\/\/zaracaytv.com\/wp-content\/uploads\/2025\/09\/2025-09-03T224708Z-984175630-RC2HKGAC60CX-RTRMADP-3-PORTUGAL-ACCIDENT-270x152.jpg 270w, https:\/\/zaracaytv.com\/wp-content\/uploads\/2025\/09\/2025-09-03T224708Z-984175630-RC2HKGAC60CX-RTRMADP-3-PORTUGAL-ACCIDENT.jpg 1280w\" sizes=\"auto, (max-width: 300px) 100vw, 300px\" \/>El descarrilamiento del popular funicular de la Gloria, en Lisboa, provoc\u00f3\u00a0 al menos 17 personas fallecidas y 21 han resultado heridas. Seg\u00fan testigos del accidente \u201cchoc\u00f3 con una fuerza brutal contra un edificio y se deshizo como una caja de cart\u00f3n, no ten\u00eda ning\u00fan tipo de freno\u201d. El tranv\u00eda, una atracci\u00f3n popular en Lisboa, se dirig\u00eda a un lugar tur\u00edstico. <\/span><span style=\"font-weight: 400;\"><br>\n<\/span><span style=\"font-weight: 400;\">El suceso ha llevado al Ayuntamiento de Lisboa a suspender el servicio de tres funiculares hist\u00f3ricos de caracter\u00edsticas similares al siniestrado, el de la Gloria, que es una de las grandes atracciones tur\u00edsticas de la ciudad.<\/span>\n<p>\u00a0<\/p>\n<\/body>","protected":false},"excerpt":{"rendered":"<p>El descarrilamiento del popular funicular de la Gloria, en Lisboa, provoc\u00f3\u00a0 al menos 17 personas fallecidas y 21 han resultado heridas. Seg\u00fan testigos del accidente \u201cchoc\u00f3 con una fuerza brutal contra un edificio y se deshizo como una caja de cart\u00f3n, no ten\u00eda ning\u00fan tipo de freno\u201d. El tranv\u00eda, una atracci\u00f3n popular en Lisboa, se [&hellip;]<\/p>\n","protected":false},"author":4,"featured_media":22720,"comment_status":"closed","ping_status":"closed","sticky":false,"template":"","format":"standard","meta":{"om_disable_all_campaigns":false,"_joinchat":[],"footnotes":""},"categories":[40],"tags":[],"class_list":["post-22718","post","type-post","status-publish","format-standard","has-post-thumbnail","hentry","category-mundo"],"_links":{"self":[{"href":"https:\/\/zaracaytv.com\/index.php?rest_route=\/wp\/v2\/posts\/22718","targetHints":{"allow":["GET"]}}],"collection":[{"href":"https:\/\/zaracaytv.com\/index.php?rest_route=\/wp\/v2\/posts"}],"about":[{"href":"https:\/\/zaracaytv.com\/index.php?rest_route=\/wp\/v2\/types\/post"}],"author":[{"embeddable":true,"href":"https:\/\/zaracaytv.com\/index.php?rest_route=\/wp\/v2\/users\/4"}],"replies":[{"embeddable":true,"href":"https:\/\/zaracaytv.com\/index.php?rest_route=%2Fwp%2Fv2%2Fcomments&post=22718"}],"version-history":[{"count":1,"href":"https:\/\/zaracaytv.com\/index.php?rest_route=\/wp\/v2\/posts\/22718\/revisions"}],"predecessor-version":[{"id":22721,"href":"https:\/\/zaracaytv.com\/index.php?rest_route=\/wp\/v2\/posts\/22718\/revisions\/22721"}],"wp:featuredmedia":[{"embeddable":true,"href":"https:\/\/zaracaytv.com\/index.php?rest_route=\/wp\/v2\/media\/22720"}],"wp:attachment":[{"href":"https:\/\/zaracaytv.com\/index.php?rest_route=%2Fwp%2Fv2%2Fmedia&parent=22718"}],"wp:term":[{"taxonomy":"category","embeddable":true,"href":"https:\/\/zaracaytv.com\/index.php?rest_route=%2Fwp%2Fv2%2Fcategories&post=22718"},{"taxonomy":"post_tag","embeddable":true,"href":"https:\/\/zaracaytv.com\/index.php?rest_route=%2Fwp%2Fv2%2Ftags&post=22718"}],"curies":[{"name":"wp","href":"https:\/\/api.w.org\/{rel}","templated":true}]}}