{"id":22715,"date":"2025-09-04T09:20:48","date_gmt":"2025-09-04T14:20:48","guid":{"rendered":"https:\/\/zaracaytv.com\/?p=22715"},"modified":"2025-09-04T09:20:48","modified_gmt":"2025-09-04T14:20:48","slug":"delincuencia-reduce-afluencia-de-visitantes-en-centros-turisticos","status":"publish","type":"post","link":"https:\/\/zaracaytv.com\/?p=22715","title":{"rendered":"DELINCUENCIA REDUCE AFLUENCIA DE VISITANTES EN CENTROS TUR\u00cdSTICOS"},"content":{"rendered":"<body><p><\/p><span style=\"font-weight: 400;\"><img loading=\"lazy\" decoding=\"async\" class=\"size-medium wp-image-22722 alignleft\" src=\"https:\/\/zaracaytv.com\/wp-content\/uploads\/2025\/09\/rg-300x171.png\" alt=\"\" width=\"300\" height=\"171\" loading=\"lazy\" srcset=\"https:\/\/zaracaytv.com\/wp-content\/uploads\/2025\/09\/rg-300x171.png 300w, https:\/\/zaracaytv.com\/wp-content\/uploads\/2025\/09\/rg-1024x583.png 1024w, https:\/\/zaracaytv.com\/wp-content\/uploads\/2025\/09\/rg-768x437.png 768w, https:\/\/zaracaytv.com\/wp-content\/uploads\/2025\/09\/rg-1536x874.png 1536w, https:\/\/zaracaytv.com\/wp-content\/uploads\/2025\/09\/rg-570x324.png 570w, https:\/\/zaracaytv.com\/wp-content\/uploads\/2025\/09\/rg-270x154.png 270w, https:\/\/zaracaytv.com\/wp-content\/uploads\/2025\/09\/rg.png 1589w\" sizes=\"auto, (max-width: 300px) 100vw, 300px\" \/>En Santo Domingo de los Ts\u00e1chilas, la guerra interna que existe entre las bandas delictivas ha reducido la afluencia de turistas hasta en un 70% en la provincia, seg\u00fan se\u00f1alaron los propietarios de los centros tur\u00edsticos. Algunos de ellos por miedo a extorsiones se niegan a dar sus rostros, pero indicaron que varias inversiones en este sector se han detenido por la delincuencia.<\/span>\n<p><span style=\"font-weight: 400;\">Por su parte, los ciudadanos enfatizaron que temen salir a los centros tur\u00edsticos debido a la inseguridad y en especial por los \u00faltimos atentados que se han registrado en Santo Domingo de los Ts\u00e1chilas, por lo que prefieren quedarse en casa.<img loading=\"lazy\" decoding=\"async\" class=\"size-medium wp-image-22723 alignright\" src=\"https:\/\/zaracaytv.com\/wp-content\/uploads\/2025\/09\/pepew-300x180.png\" alt=\"\" width=\"300\" height=\"180\" loading=\"lazy\" srcset=\"https:\/\/zaracaytv.com\/wp-content\/uploads\/2025\/09\/pepew-300x180.png 300w, https:\/\/zaracaytv.com\/wp-content\/uploads\/2025\/09\/pepew-1024x614.png 1024w, https:\/\/zaracaytv.com\/wp-content\/uploads\/2025\/09\/pepew-768x460.png 768w, https:\/\/zaracaytv.com\/wp-content\/uploads\/2025\/09\/pepew-551x330.png 551w, https:\/\/zaracaytv.com\/wp-content\/uploads\/2025\/09\/pepew-270x162.png 270w, https:\/\/zaracaytv.com\/wp-content\/uploads\/2025\/09\/pepew.png 1477w\" sizes=\"auto, (max-width: 300px) 100vw, 300px\" \/><\/span><\/p>\n<p><span style=\"font-weight: 400;\">A pesar de que en agosto hubo un ligero aumento de turistas en la provincia, antes del retorno a clases en la regi\u00f3n Sierra, las cifras siguen siendo preocupantes, explic\u00f3 \u00c9dison Enr\u00edquez, integrante de la C\u00e1mara Provincial de Turismo de Santo Domingo de los Ts\u00e1chilas, quien manifest\u00f3 que se han gestionado acciones junto al bloque de seguridad para destinar el respectivo contingente que brinde protecci\u00f3n en estos puntos de alta afluencia.<\/span><\/p>\n<p><span style=\"font-weight: 400;\">\u00c9dison Molina, jefe del Distrito Oeste, explic\u00f3 que en conjunto con el bloque de seguridad se est\u00e1n articulando varios dispositivos de control en territorio. Adem\u00e1s, acot\u00f3 que en los lugares de alta afluencia se ha coordinado los respectivos controles y la activaci\u00f3n de polic\u00edas para contrarrestar varios delitos.<\/span><\/p>\n<p><span style=\"font-weight: 400;\">Los ciudadanos puntualizan que es necesario que las autoridades sigan coordinando estrategias para contrarrestar la inseguridad en la provincia, con el objetivo de que exista una reactivaci\u00f3n econ\u00f3mica para este sector del pa\u00eds.<\/span><\/p>\n<\/body>","protected":false},"excerpt":{"rendered":"<p>En Santo Domingo de los Ts\u00e1chilas, la guerra interna que existe entre las bandas delictivas ha reducido la afluencia de turistas hasta en un 70% en la provincia, seg\u00fan se\u00f1alaron los propietarios de los centros tur\u00edsticos. Algunos de ellos por miedo a extorsiones se niegan a dar sus rostros, pero indicaron que varias inversiones en [&hellip;]<\/p>\n","protected":false},"author":4,"featured_media":22722,"comment_status":"closed","ping_status":"closed","sticky":false,"template":"","format":"standard","meta":{"om_disable_all_campaigns":false,"_joinchat":[],"footnotes":""},"categories":[31],"tags":[],"class_list":["post-22715","post","type-post","status-publish","format-standard","has-post-thumbnail","hentry","category-la-region"],"_links":{"self":[{"href":"https:\/\/zaracaytv.com\/index.php?rest_route=\/wp\/v2\/posts\/22715","targetHints":{"allow":["GET"]}}],"collection":[{"href":"https:\/\/zaracaytv.com\/index.php?rest_route=\/wp\/v2\/posts"}],"about":[{"href":"https:\/\/zaracaytv.com\/index.php?rest_route=\/wp\/v2\/types\/post"}],"author":[{"embeddable":true,"href":"https:\/\/zaracaytv.com\/index.php?rest_route=\/wp\/v2\/users\/4"}],"replies":[{"embeddable":true,"href":"https:\/\/zaracaytv.com\/index.php?rest_route=%2Fwp%2Fv2%2Fcomments&post=22715"}],"version-history":[{"count":1,"href":"https:\/\/zaracaytv.com\/index.php?rest_route=\/wp\/v2\/posts\/22715\/revisions"}],"predecessor-version":[{"id":22724,"href":"https:\/\/zaracaytv.com\/index.php?rest_route=\/wp\/v2\/posts\/22715\/revisions\/22724"}],"wp:featuredmedia":[{"embeddable":true,"href":"https:\/\/zaracaytv.com\/index.php?rest_route=\/wp\/v2\/media\/22722"}],"wp:attachment":[{"href":"https:\/\/zaracaytv.com\/index.php?rest_route=%2Fwp%2Fv2%2Fmedia&parent=22715"}],"wp:term":[{"taxonomy":"category","embeddable":true,"href":"https:\/\/zaracaytv.com\/index.php?rest_route=%2Fwp%2Fv2%2Fcategories&post=22715"},{"taxonomy":"post_tag","embeddable":true,"href":"https:\/\/zaracaytv.com\/index.php?rest_route=%2Fwp%2Fv2%2Ftags&post=22715"}],"curies":[{"name":"wp","href":"https:\/\/api.w.org\/{rel}","templated":true}]}}