{"id":22711,"date":"2025-09-04T09:08:14","date_gmt":"2025-09-04T14:08:14","guid":{"rendered":"https:\/\/zaracaytv.com\/?p=22711"},"modified":"2025-09-04T09:08:14","modified_gmt":"2025-09-04T14:08:14","slug":"consejo-de-seguridad-ordena-retiro-de-camaras-privadas-en-zonas-rojas","status":"publish","type":"post","link":"https:\/\/zaracaytv.com\/?p=22711","title":{"rendered":"CONSEJO DE SEGURIDAD ORDENA RETIRO DE C\u00c1MARAS PRIVADAS EN ZONAS ROJAS"},"content":{"rendered":"<body><p><\/p>En\u00a0 Santo Domingo hay sectores donde las personas han instalado c\u00e1maras de vigilancia, pero no precisamente para el resguardo de las viviendas, sino que ser\u00eda para otros fines. Es por eso que entre las resoluciones del Consejo de Seguridad Provincial, el cual se reuni\u00f3 este martes ante los actos violentos que se registran en la ciudad, se resolvi\u00f3 que se deben retirar alguno s de estos dispositivos instalados en postes y esquinas de viviendas, se\u00f1al\u00f3 el director ejecutivo del Consejo de Seguridad Ciudadana de la localidad, Alfredo Z\u00fa\u00f1iga.\n<p>Estas c\u00e1maras est\u00e1n<img loading=\"lazy\" decoding=\"async\" class=\"size-medium wp-image-22712 alignleft\" src=\"https:\/\/zaracaytv.com\/wp-content\/uploads\/2025\/09\/TU5YT-300x171.png\" alt=\"\" width=\"300\" height=\"171\" loading=\"lazy\" srcset=\"https:\/\/zaracaytv.com\/wp-content\/uploads\/2025\/09\/TU5YT-300x171.png 300w, https:\/\/zaracaytv.com\/wp-content\/uploads\/2025\/09\/TU5YT-1024x584.png 1024w, https:\/\/zaracaytv.com\/wp-content\/uploads\/2025\/09\/TU5YT-768x438.png 768w, https:\/\/zaracaytv.com\/wp-content\/uploads\/2025\/09\/TU5YT-1536x877.png 1536w, https:\/\/zaracaytv.com\/wp-content\/uploads\/2025\/09\/TU5YT-570x325.png 570w, https:\/\/zaracaytv.com\/wp-content\/uploads\/2025\/09\/TU5YT-270x154.png 270w, https:\/\/zaracaytv.com\/wp-content\/uploads\/2025\/09\/TU5YT.png 1605w\" sizes=\"auto, (max-width: 300px) 100vw, 300px\" \/> sobre todo en las denominadas zonas calientes. Z\u00fa\u00f1iga mencion\u00f3 que tambi\u00e9n hay empresas privadas que tienen estos dispositivos y no justificaron la ubicaci\u00f3n de los mismos.<\/p>\n<p>El funcionario acot\u00f3 que la municipalidad ha instalado alrededor de 120 c\u00e1maras de vigilancia en todo el cant\u00f3n, una vez conseguida la autorizaci\u00f3n expresa del Sistema Integrado de Seguridad ECU 911 para la adquisici\u00f3n de estas herramientas. El gobernador de Santo Domingo de los Ts\u00e1chilas, Miguel Quezada, por su lado, en la Primera Emisi\u00f3n de Zaracay Noticias, expuso que alrededor de 70 c\u00e1maras del ECU 911 no est\u00e1n operativas, ante los cuestionamientos de que un importante n\u00famero de estos dispositivos est\u00e1n sin funcionar. <img loading=\"lazy\" decoding=\"async\" class=\"size-medium wp-image-22713 alignright\" src=\"https:\/\/zaracaytv.com\/wp-content\/uploads\/2025\/09\/EWWE-300x165.png\" alt=\"\" width=\"300\" height=\"165\" loading=\"lazy\" srcset=\"https:\/\/zaracaytv.com\/wp-content\/uploads\/2025\/09\/EWWE-300x165.png 300w, https:\/\/zaracaytv.com\/wp-content\/uploads\/2025\/09\/EWWE-1024x563.png 1024w, https:\/\/zaracaytv.com\/wp-content\/uploads\/2025\/09\/EWWE-768x422.png 768w, https:\/\/zaracaytv.com\/wp-content\/uploads\/2025\/09\/EWWE-570x313.png 570w, https:\/\/zaracaytv.com\/wp-content\/uploads\/2025\/09\/EWWE-270x148.png 270w, https:\/\/zaracaytv.com\/wp-content\/uploads\/2025\/09\/EWWE.png 1421w\" sizes=\"auto, (max-width: 300px) 100vw, 300px\" \/><\/p>\n<p>Desde el ECU 911 se inform\u00f3 que el n\u00famero de c\u00e1maras que est\u00e1n sin funcionar var\u00eda, porque algunas entran a mantenimiento, pero no se dio respuesta al pedido de una entrevista con el titular de esta entidad. Se inform\u00f3 que\u00a0 hay 267 c\u00e1maras instaladas en la ciudad para los monitoreos. El director ejecutivo del Consejo de Seguridad Ciudadana de Santo Domingo, en cambio, indic\u00f3 que est\u00e1n en proceso de instalar 37 c\u00e1maras m\u00e1s. Adem\u00e1s, asegur\u00f3 que han implementado m\u00e1s de 590 alarmas comunitarias y ahora analizan destinar otras m\u00e1s en zonas comerciales de la urbe.<\/p>\n<\/body>","protected":false},"excerpt":{"rendered":"<p>En\u00a0 Santo Domingo hay sectores donde las personas han instalado c\u00e1maras de vigilancia, pero no precisamente para el resguardo de las viviendas, sino que ser\u00eda para otros fines. Es por eso que entre las resoluciones del Consejo de Seguridad Provincial, el cual se reuni\u00f3 este martes ante los actos violentos que se registran en la [&hellip;]<\/p>\n","protected":false},"author":4,"featured_media":22713,"comment_status":"closed","ping_status":"closed","sticky":false,"template":"","format":"standard","meta":{"om_disable_all_campaigns":false,"_joinchat":[],"footnotes":""},"categories":[31],"tags":[],"class_list":["post-22711","post","type-post","status-publish","format-standard","has-post-thumbnail","hentry","category-la-region"],"_links":{"self":[{"href":"https:\/\/zaracaytv.com\/index.php?rest_route=\/wp\/v2\/posts\/22711","targetHints":{"allow":["GET"]}}],"collection":[{"href":"https:\/\/zaracaytv.com\/index.php?rest_route=\/wp\/v2\/posts"}],"about":[{"href":"https:\/\/zaracaytv.com\/index.php?rest_route=\/wp\/v2\/types\/post"}],"author":[{"embeddable":true,"href":"https:\/\/zaracaytv.com\/index.php?rest_route=\/wp\/v2\/users\/4"}],"replies":[{"embeddable":true,"href":"https:\/\/zaracaytv.com\/index.php?rest_route=%2Fwp%2Fv2%2Fcomments&post=22711"}],"version-history":[{"count":1,"href":"https:\/\/zaracaytv.com\/index.php?rest_route=\/wp\/v2\/posts\/22711\/revisions"}],"predecessor-version":[{"id":22714,"href":"https:\/\/zaracaytv.com\/index.php?rest_route=\/wp\/v2\/posts\/22711\/revisions\/22714"}],"wp:featuredmedia":[{"embeddable":true,"href":"https:\/\/zaracaytv.com\/index.php?rest_route=\/wp\/v2\/media\/22713"}],"wp:attachment":[{"href":"https:\/\/zaracaytv.com\/index.php?rest_route=%2Fwp%2Fv2%2Fmedia&parent=22711"}],"wp:term":[{"taxonomy":"category","embeddable":true,"href":"https:\/\/zaracaytv.com\/index.php?rest_route=%2Fwp%2Fv2%2Fcategories&post=22711"},{"taxonomy":"post_tag","embeddable":true,"href":"https:\/\/zaracaytv.com\/index.php?rest_route=%2Fwp%2Fv2%2Ftags&post=22711"}],"curies":[{"name":"wp","href":"https:\/\/api.w.org\/{rel}","templated":true}]}}