{"id":22463,"date":"2025-08-26T11:31:25","date_gmt":"2025-08-26T16:31:25","guid":{"rendered":"https:\/\/zaracaytv.com\/?p=22463"},"modified":"2025-08-26T11:31:25","modified_gmt":"2025-08-26T16:31:25","slug":"una-agente-de-transito-fue-agredida-brutalmente-en-la-terminal","status":"publish","type":"post","link":"https:\/\/zaracaytv.com\/?p=22463","title":{"rendered":"UNA AGENTE DE TR\u00c1NSITO FUE AGREDIDA BRUTALMENTE EN LA TERMINAL"},"content":{"rendered":"<body><p><\/p>\n<p data-start=\"93\" data-end=\"304\"><img loading=\"lazy\" decoding=\"async\" class=\"size-medium wp-image-22464 alignleft\" src=\"https:\/\/zaracaytv.com\/wp-content\/uploads\/2025\/08\/ghuo-300x182.png\" alt=\"\" width=\"300\" height=\"182\" loading=\"lazy\" srcset=\"https:\/\/zaracaytv.com\/wp-content\/uploads\/2025\/08\/ghuo-300x182.png 300w, https:\/\/zaracaytv.com\/wp-content\/uploads\/2025\/08\/ghuo-1024x620.png 1024w, https:\/\/zaracaytv.com\/wp-content\/uploads\/2025\/08\/ghuo-768x465.png 768w, https:\/\/zaracaytv.com\/wp-content\/uploads\/2025\/08\/ghuo-545x330.png 545w, https:\/\/zaracaytv.com\/wp-content\/uploads\/2025\/08\/ghuo-270x164.png 270w, https:\/\/zaracaytv.com\/wp-content\/uploads\/2025\/08\/ghuo.png 1479w\" sizes=\"auto, (max-width: 300px) 100vw, 300px\" \/>Este s\u00e1bado 23 de agosto se registr\u00f3 un hecho que gener\u00f3 rechazo en la poblaci\u00f3n, cuando una agente civil de tr\u00e1nsito fue agredida brutalmente por una usuaria en la Terminal Terrestre de Santo Domingo.<\/p>\n<p data-start=\"306\" data-end=\"782\">En un video de seguridad se observa que la funcionaria estaba en el \u00e1rea de torniquetes cuando una pareja intent\u00f3 pasar; sin embargo, uno de ellos no ten\u00eda el ticket de acceso, lo que origin\u00f3 la agresi\u00f3n f\u00edsica. La uniformada intent\u00f3 escapar, pero la mujer la alcanz\u00f3 y continu\u00f3 golpe\u00e1ndola. Personal de seguridad, aparentemente guardias de la entidad, trat\u00f3 de intervenir, pero fueron impedidos por el acompa\u00f1ante de la agresora, mientras esta segu\u00eda atacando a la v\u00edctima.<\/p>\n<p data-start=\"784\" data-end=\"1031\">El experto en tr\u00e1nsito, \u00c1ngel Chum, calific\u00f3 la violencia como grave y se\u00f1al\u00f3 que los implicados podr\u00edan enfrentar un proceso por contravenci\u00f3n penal, ya que la agente se encontraba en el cumplimiento de sus funciones de control de tr\u00e1nsito.<img loading=\"lazy\" decoding=\"async\" class=\"size-medium wp-image-22465 alignright\" src=\"https:\/\/zaracaytv.com\/wp-content\/uploads\/2025\/08\/tfyi-300x180.png\" alt=\"\" width=\"300\" height=\"180\" loading=\"lazy\" srcset=\"https:\/\/zaracaytv.com\/wp-content\/uploads\/2025\/08\/tfyi-300x180.png 300w, https:\/\/zaracaytv.com\/wp-content\/uploads\/2025\/08\/tfyi-1024x615.png 1024w, https:\/\/zaracaytv.com\/wp-content\/uploads\/2025\/08\/tfyi-768x462.png 768w, https:\/\/zaracaytv.com\/wp-content\/uploads\/2025\/08\/tfyi-549x330.png 549w, https:\/\/zaracaytv.com\/wp-content\/uploads\/2025\/08\/tfyi-270x162.png 270w, https:\/\/zaracaytv.com\/wp-content\/uploads\/2025\/08\/tfyi.png 1476w\" sizes=\"auto, (max-width: 300px) 100vw, 300px\" \/><\/p>\n<p data-start=\"1033\" data-end=\"1346\">De manera extraoficial se conoci\u00f3 que el hecho fue denunciado ante la Fiscal\u00eda y que los involucrados en la agresi\u00f3n tienen prohibici\u00f3n de salida del pa\u00eds por el presunto delito de \u201cataque o resistencia\u201d. Adem\u00e1s, se dispusieron varias medidas de protecci\u00f3n, entre ellas una boleta de auxilio para la agente.<\/p>\n<p data-start=\"1348\" data-end=\"1546\">Chum agreg\u00f3 que este caso evidencia la desprotecci\u00f3n de los agentes civiles de tr\u00e1nsito, a diferencia de la Polic\u00eda o las Fuerzas Armadas, que cuentan con herramientas provistas por el Estado.<\/p>\n<p data-start=\"1548\" data-end=\"1757\">De forma paralela, este lunes en los exteriores de la Terminal Terrestre se report\u00f3 un supuesto intento de asalto. En redes circularon videos aficionados que mostraban impactos de bala en un veh\u00edculo blanco.<\/p>\n<p data-start=\"1759\" data-end=\"1987\">Respecto a la agresi\u00f3n contra la agente, el experto lament\u00f3 que el personal de seguridad no haya actuado de manera efectiva para frenar los ataques. Hasta el momento, las autoridades no se han pronunciado sobre este hecho.<\/p>\n<p><\/p>\n<\/body>","protected":false},"excerpt":{"rendered":"<p>Este s\u00e1bado 23 de agosto se registr\u00f3 un hecho que gener\u00f3 rechazo en la poblaci\u00f3n, cuando una agente civil de tr\u00e1nsito fue agredida brutalmente por una usuaria en la Terminal Terrestre de Santo Domingo. En un video de seguridad se observa que la funcionaria estaba en el \u00e1rea de torniquetes cuando una pareja intent\u00f3 pasar; [&hellip;]<\/p>\n","protected":false},"author":4,"featured_media":22464,"comment_status":"closed","ping_status":"closed","sticky":false,"template":"","format":"standard","meta":{"om_disable_all_campaigns":false,"_joinchat":[],"footnotes":""},"categories":[31],"tags":[],"class_list":["post-22463","post","type-post","status-publish","format-standard","has-post-thumbnail","hentry","category-la-region"],"_links":{"self":[{"href":"https:\/\/zaracaytv.com\/index.php?rest_route=\/wp\/v2\/posts\/22463","targetHints":{"allow":["GET"]}}],"collection":[{"href":"https:\/\/zaracaytv.com\/index.php?rest_route=\/wp\/v2\/posts"}],"about":[{"href":"https:\/\/zaracaytv.com\/index.php?rest_route=\/wp\/v2\/types\/post"}],"author":[{"embeddable":true,"href":"https:\/\/zaracaytv.com\/index.php?rest_route=\/wp\/v2\/users\/4"}],"replies":[{"embeddable":true,"href":"https:\/\/zaracaytv.com\/index.php?rest_route=%2Fwp%2Fv2%2Fcomments&post=22463"}],"version-history":[{"count":1,"href":"https:\/\/zaracaytv.com\/index.php?rest_route=\/wp\/v2\/posts\/22463\/revisions"}],"predecessor-version":[{"id":22466,"href":"https:\/\/zaracaytv.com\/index.php?rest_route=\/wp\/v2\/posts\/22463\/revisions\/22466"}],"wp:featuredmedia":[{"embeddable":true,"href":"https:\/\/zaracaytv.com\/index.php?rest_route=\/wp\/v2\/media\/22464"}],"wp:attachment":[{"href":"https:\/\/zaracaytv.com\/index.php?rest_route=%2Fwp%2Fv2%2Fmedia&parent=22463"}],"wp:term":[{"taxonomy":"category","embeddable":true,"href":"https:\/\/zaracaytv.com\/index.php?rest_route=%2Fwp%2Fv2%2Fcategories&post=22463"},{"taxonomy":"post_tag","embeddable":true,"href":"https:\/\/zaracaytv.com\/index.php?rest_route=%2Fwp%2Fv2%2Ftags&post=22463"}],"curies":[{"name":"wp","href":"https:\/\/api.w.org\/{rel}","templated":true}]}}