{"id":22460,"date":"2025-08-26T10:35:27","date_gmt":"2025-08-26T15:35:27","guid":{"rendered":"https:\/\/zaracaytv.com\/?p=22460"},"modified":"2025-08-26T10:35:27","modified_gmt":"2025-08-26T15:35:27","slug":"en-la-provincia-se-presentaran-lluvias-de-mediana-intensidad","status":"publish","type":"post","link":"https:\/\/zaracaytv.com\/?p=22460","title":{"rendered":"EN LA PROVINCIA SE PRESENTAR\u00c1N LLUVIAS DE MEDIANA INTENSIDAD"},"content":{"rendered":"<body><p><\/p><img loading=\"lazy\" decoding=\"async\" class=\"size-medium wp-image-22461 alignleft\" src=\"https:\/\/zaracaytv.com\/wp-content\/uploads\/2025\/08\/fgj-1-300x187.png\" alt=\"\" width=\"300\" height=\"187\" loading=\"lazy\" srcset=\"https:\/\/zaracaytv.com\/wp-content\/uploads\/2025\/08\/fgj-1-300x187.png 300w, https:\/\/zaracaytv.com\/wp-content\/uploads\/2025\/08\/fgj-1-1024x638.png 1024w, https:\/\/zaracaytv.com\/wp-content\/uploads\/2025\/08\/fgj-1-768x479.png 768w, https:\/\/zaracaytv.com\/wp-content\/uploads\/2025\/08\/fgj-1-529x330.png 529w, https:\/\/zaracaytv.com\/wp-content\/uploads\/2025\/08\/fgj-1-270x168.png 270w, https:\/\/zaracaytv.com\/wp-content\/uploads\/2025\/08\/fgj-1.png 1437w\" sizes=\"auto, (max-width: 300px) 100vw, 300px\" \/>En Santo Domingo de los Ts\u00e1chilas se presentar\u00e1n lluvias de mediana intensidad, las cuales comenzaron desde este pasado domingo 24 y se extender\u00e1n hasta el 28 de agosto seg\u00fan el Instituto Instituto Nacional de Meteorolog\u00eda e Hidrolog\u00eda. Aunque en algunos lugares hubo precipitaciones el s\u00e1bado. Walter Molina, experto en Hidrogeolog\u00eda se\u00f1al\u00f3 que existe una influencia directa con el hemisferio Sur y el Norte, por lo cual en las ma\u00f1anas y noches baja la temperatura, mientras al medio d\u00eda estas suben.\n<p>Estos cambios clim\u00e1ticos bruscos han provocado un incremento en las enfermedades respiratorias dio a conocer el epidemi\u00f3logo Patricio Reyes, quien manifest\u00f3 que una de estas afectaciones est\u00e1 causando serios problemas a los pacientes. Se la conoce como haemophilus influenzae, la cual es una bacteria que se evidencia con mayor regularidad en los pacientes.<\/p>\n<p>La recomendaci\u00f3n del experto, en especial para los padres de familia, es que eviten enviar a los ni\u00f1os a clases si presentan enfermedades respiratorias, mientras que en el caso de los j\u00f3venes aconseja enviarlos con cubrebocas para evitar contagiar a sus compa\u00f1eros. Si la gripe dura m\u00e1s de tres d\u00edas es recomendable acudir al m\u00e9dico.<\/p>\n<p>Adem\u00e1s, Molina explic\u00f3 que para los meses de septiembre y octubre el estiaje se intensificar\u00e1, por lo cual se prev\u00e9 que exista un desabastecimiento de energ\u00eda como ocurri\u00f3 en 2024 con los apagones. Esto si el Gobierno no trabaja en cubrir este d\u00e9ficit con la generaci\u00f3n de energ\u00eda o la compra a otros pa\u00edses.<\/p>\n<p>La recomendaci\u00f3n de los expertos es tomar las debidas precauciones como el uso de ropa abrigada, bufandas, guantes y chompas durante las ma\u00f1anas, mientras en la tarde, en caso de un intenso sol, utilizar bloqueador para evitar problemas a futuro con la piel. Adem\u00e1s de respetar las medidas de bioseguridad en caso de presentar enfermedades respiratorias.<\/p>\n<\/body>","protected":false},"excerpt":{"rendered":"<p>En Santo Domingo de los Ts\u00e1chilas se presentar\u00e1n lluvias de mediana intensidad, las cuales comenzaron desde este pasado domingo 24 y se extender\u00e1n hasta el 28 de agosto seg\u00fan el Instituto Instituto Nacional de Meteorolog\u00eda e Hidrolog\u00eda. Aunque en algunos lugares hubo precipitaciones el s\u00e1bado. Walter Molina, experto en Hidrogeolog\u00eda se\u00f1al\u00f3 que existe una influencia [&hellip;]<\/p>\n","protected":false},"author":4,"featured_media":22461,"comment_status":"closed","ping_status":"closed","sticky":false,"template":"","format":"standard","meta":{"om_disable_all_campaigns":false,"_joinchat":[],"footnotes":""},"categories":[31],"tags":[],"class_list":["post-22460","post","type-post","status-publish","format-standard","has-post-thumbnail","hentry","category-la-region"],"_links":{"self":[{"href":"https:\/\/zaracaytv.com\/index.php?rest_route=\/wp\/v2\/posts\/22460","targetHints":{"allow":["GET"]}}],"collection":[{"href":"https:\/\/zaracaytv.com\/index.php?rest_route=\/wp\/v2\/posts"}],"about":[{"href":"https:\/\/zaracaytv.com\/index.php?rest_route=\/wp\/v2\/types\/post"}],"author":[{"embeddable":true,"href":"https:\/\/zaracaytv.com\/index.php?rest_route=\/wp\/v2\/users\/4"}],"replies":[{"embeddable":true,"href":"https:\/\/zaracaytv.com\/index.php?rest_route=%2Fwp%2Fv2%2Fcomments&post=22460"}],"version-history":[{"count":1,"href":"https:\/\/zaracaytv.com\/index.php?rest_route=\/wp\/v2\/posts\/22460\/revisions"}],"predecessor-version":[{"id":22462,"href":"https:\/\/zaracaytv.com\/index.php?rest_route=\/wp\/v2\/posts\/22460\/revisions\/22462"}],"wp:featuredmedia":[{"embeddable":true,"href":"https:\/\/zaracaytv.com\/index.php?rest_route=\/wp\/v2\/media\/22461"}],"wp:attachment":[{"href":"https:\/\/zaracaytv.com\/index.php?rest_route=%2Fwp%2Fv2%2Fmedia&parent=22460"}],"wp:term":[{"taxonomy":"category","embeddable":true,"href":"https:\/\/zaracaytv.com\/index.php?rest_route=%2Fwp%2Fv2%2Fcategories&post=22460"},{"taxonomy":"post_tag","embeddable":true,"href":"https:\/\/zaracaytv.com\/index.php?rest_route=%2Fwp%2Fv2%2Ftags&post=22460"}],"curies":[{"name":"wp","href":"https:\/\/api.w.org\/{rel}","templated":true}]}}