{"id":22457,"date":"2025-08-26T10:13:44","date_gmt":"2025-08-26T15:13:44","guid":{"rendered":"https:\/\/zaracaytv.com\/?p=22457"},"modified":"2025-08-26T10:13:44","modified_gmt":"2025-08-26T15:13:44","slug":"la-falta-de-asfalto-ha-dificultado-complir-con-las-obras-en-sto-dgo","status":"publish","type":"post","link":"https:\/\/zaracaytv.com\/?p=22457","title":{"rendered":"LA FALTA DE ASFALTO HA DIFICULTADO COMPLIR CON LAS OBRAS EN STO. DGO."},"content":{"rendered":"<body><p><\/p><span style=\"font-weight: 400;\">El 2025 se ha caracterizado por una crisis por la falta de asfalto a escala nacional en Ecuador. Este problema surge a ra\u00edz de una baja producci\u00f3n en la Refiner\u00eda de Esmeraldas, productora de este importante material en el pa\u00eds, esto debido a fallas graves tras un incendio y un sismo. Esta situaci\u00f3n ha mantenido paralizada varias obras como la construcci\u00f3n de carreteras y el rebacheo de muchos accesos.<\/span>\n<p><span style=\"font-weight: 400;\">Desde la Municipalidad de Santo Domingo se inform\u00f3 que hasta la fecha hay 500 metros c\u00fabicos de este material, los cuales no son suficientes para cubrir la alta demanda del cant\u00f3n. Algo similar ocurre en el Gad Provincial, donde apenas hay 335 metros c\u00fabicos. Mientras en la direcci\u00f3n distrital del Ministerio de Transporte y Obras P\u00fablicas se busca comprar este derivado para el reasfaltado de la v\u00eda Las Mercedes \u2013 Los Bancos. Esta situaci\u00f3n ha sido comprendida por los ciudadanos, pero a la vez criticada por la lenta anticipaci\u00f3n de las autoridades.<\/span><\/p>\n<p><span style=\"font-weight: 400;\">En tramos como la v\u00eda El P<img loading=\"lazy\" decoding=\"async\" class=\"size-medium wp-image-22458 alignleft\" src=\"https:\/\/zaracaytv.com\/wp-content\/uploads\/2025\/08\/fj-1-300x175.png\" alt=\"\" width=\"300\" height=\"175\" loading=\"lazy\" srcset=\"https:\/\/zaracaytv.com\/wp-content\/uploads\/2025\/08\/fj-1-300x175.png 300w, https:\/\/zaracaytv.com\/wp-content\/uploads\/2025\/08\/fj-1-1024x596.png 1024w, https:\/\/zaracaytv.com\/wp-content\/uploads\/2025\/08\/fj-1-768x447.png 768w, https:\/\/zaracaytv.com\/wp-content\/uploads\/2025\/08\/fj-1-567x330.png 567w, https:\/\/zaracaytv.com\/wp-content\/uploads\/2025\/08\/fj-1-270x157.png 270w, https:\/\/zaracaytv.com\/wp-content\/uploads\/2025\/08\/fj-1.png 1477w\" sizes=\"auto, (max-width: 300px) 100vw, 300px\" \/>lacer, se\u00f1alan que el rebacheo es importante para evitar los accidentes de tr\u00e1nsito que se han vuelto regulares por el sitio. Esto debido a que los veh\u00edculos tienen que esquivar los huecos e invaden la ruta para cruzar. Situaci\u00f3n que adem\u00e1s ha conllevado al da\u00f1o de varios automotores.<\/span><\/p>\n<p><span style=\"font-weight: 400;\">La importaci\u00f3n de este producto es costoso, su valor es el doble del que se fabrica en el pa\u00eds. Situaci\u00f3n que ha tra\u00eddo problemas para los diferentes Municipios debido a la crisis econ\u00f3mica por la cual atraviesan.<\/span><\/p>\n<\/body>","protected":false},"excerpt":{"rendered":"<p>El 2025 se ha caracterizado por una crisis por la falta de asfalto a escala nacional en Ecuador. Este problema surge a ra\u00edz de una baja producci\u00f3n en la Refiner\u00eda de Esmeraldas, productora de este importante material en el pa\u00eds, esto debido a fallas graves tras un incendio y un sismo. Esta situaci\u00f3n ha mantenido [&hellip;]<\/p>\n","protected":false},"author":4,"featured_media":22458,"comment_status":"closed","ping_status":"closed","sticky":false,"template":"","format":"standard","meta":{"om_disable_all_campaigns":false,"_joinchat":[],"footnotes":""},"categories":[31],"tags":[],"class_list":["post-22457","post","type-post","status-publish","format-standard","has-post-thumbnail","hentry","category-la-region"],"_links":{"self":[{"href":"https:\/\/zaracaytv.com\/index.php?rest_route=\/wp\/v2\/posts\/22457","targetHints":{"allow":["GET"]}}],"collection":[{"href":"https:\/\/zaracaytv.com\/index.php?rest_route=\/wp\/v2\/posts"}],"about":[{"href":"https:\/\/zaracaytv.com\/index.php?rest_route=\/wp\/v2\/types\/post"}],"author":[{"embeddable":true,"href":"https:\/\/zaracaytv.com\/index.php?rest_route=\/wp\/v2\/users\/4"}],"replies":[{"embeddable":true,"href":"https:\/\/zaracaytv.com\/index.php?rest_route=%2Fwp%2Fv2%2Fcomments&post=22457"}],"version-history":[{"count":1,"href":"https:\/\/zaracaytv.com\/index.php?rest_route=\/wp\/v2\/posts\/22457\/revisions"}],"predecessor-version":[{"id":22459,"href":"https:\/\/zaracaytv.com\/index.php?rest_route=\/wp\/v2\/posts\/22457\/revisions\/22459"}],"wp:featuredmedia":[{"embeddable":true,"href":"https:\/\/zaracaytv.com\/index.php?rest_route=\/wp\/v2\/media\/22458"}],"wp:attachment":[{"href":"https:\/\/zaracaytv.com\/index.php?rest_route=%2Fwp%2Fv2%2Fmedia&parent=22457"}],"wp:term":[{"taxonomy":"category","embeddable":true,"href":"https:\/\/zaracaytv.com\/index.php?rest_route=%2Fwp%2Fv2%2Fcategories&post=22457"},{"taxonomy":"post_tag","embeddable":true,"href":"https:\/\/zaracaytv.com\/index.php?rest_route=%2Fwp%2Fv2%2Ftags&post=22457"}],"curies":[{"name":"wp","href":"https:\/\/api.w.org\/{rel}","templated":true}]}}