{"id":22448,"date":"2025-08-25T16:58:11","date_gmt":"2025-08-25T21:58:11","guid":{"rendered":"https:\/\/zaracaytv.com\/?p=22448"},"modified":"2025-08-25T17:38:56","modified_gmt":"2025-08-25T22:38:56","slug":"escasez-de-platano-dispara-precios-y-afecta-tambien-a-otros-productos","status":"publish","type":"post","link":"https:\/\/zaracaytv.com\/?p=22448","title":{"rendered":"ESCASEZ DE PL\u00c1TANO DISPARA PRECIOS Y AFECTA TAMBI\u00c9N A OTROS PRODUCTOS"},"content":{"rendered":"<body><p><\/p><img loading=\"lazy\" decoding=\"async\" class=\"size-medium wp-image-22449 alignleft\" src=\"https:\/\/zaracaytv.com\/wp-content\/uploads\/2025\/08\/retyu-300x201.png\" alt=\"\" width=\"300\" height=\"201\" loading=\"lazy\" srcset=\"https:\/\/zaracaytv.com\/wp-content\/uploads\/2025\/08\/retyu-300x201.png 300w, https:\/\/zaracaytv.com\/wp-content\/uploads\/2025\/08\/retyu-1024x686.png 1024w, https:\/\/zaracaytv.com\/wp-content\/uploads\/2025\/08\/retyu-768x514.png 768w, https:\/\/zaracaytv.com\/wp-content\/uploads\/2025\/08\/retyu-493x330.png 493w, https:\/\/zaracaytv.com\/wp-content\/uploads\/2025\/08\/retyu-270x180.png 270w, https:\/\/zaracaytv.com\/wp-content\/uploads\/2025\/08\/retyu.png 1338w\" sizes=\"auto, (max-width: 300px) 100vw, 300px\" \/>En Santo Domingo, la escasez del pl\u00e1tano ha obligado a los comerciantes a incrementar el precio de este producto en sus diferentes variedades. La situaci\u00f3n se atribuye a la temporada de verano, la alta exportaci\u00f3n, pero sobre todo a plagas como el <i>Moko<\/i>, que han afectado fuertemente los sembr\u00edos. Jes\u00fas Sol\u00f3rzano, comerciante ubicado en la calle Ej\u00e9rcito Ecuatoriano, explic\u00f3 que actualmente una racima de Dominico se vende en 4 d\u00f3lares, la de Barraganete en 7 d\u00f3lares y la de Maque\u00f1o, la m\u00e1s costosa, alcanza los 15 d\u00f3lares.\n<p>Adem\u00e1s, se\u00f1al\u00f3 que desde hace 15 d\u00edas el guineo seda no llega a su establecimiento, lo que refleja el agravamiento de la escasez.<\/p>\n<p>La variaci\u00f3n de precios tambi\u00e9n ha impactado a quienes utilizan el pl\u00e1tano en la preparaci\u00f3n de alimentos. Algunos restaurantes han debido ajustar el costo de sus platillos, mientras otros han optado por mantenerlos para no perder clientela, asegur\u00f3 Martha L\u00f3pez, propietaria de un local de comida.<\/p>\n<p>Ante el encarecimiento, muchos ciudadanos han decidido dejar de consumir pl\u00e1tano y reemplazarlo por otros productos. Sin embargo, los comerciantes advierten que la carest\u00eda tambi\u00e9n afecta a otros alimentos de primera necesidad como la papa, que pas\u00f3 de 10 libras por 1 d\u00f3lar a solo 4 libras, la yuca de 8 libras a 4 libras por 1 d\u00f3lar, y la zanahoria de 5 libras a apenas 2 libras y media por 1 d\u00f3lar.<\/p>\n<p>De acuerdo con los vendedores, esta alza responde a la baja producci\u00f3n generada por las heladas, sumada a los efectos de plagas en la agricultura. Advierten que la situaci\u00f3n podr\u00eda empeorar si no se aplican medidas urgentes, y hacen un llamado a las autoridades a implementar un plan que permita enfrentar el desabastecimiento y estabilizar los precios.<\/p>\n<p>\u00a0<\/p>\n<p><iframe title=\"LA REGI\u00d3N -ESCASEZ DE PL\u00c1TANO DISPARA PRECIOS Y AFECTA TAMBI\u00c9N A OTROS PRODUCTOS\" width=\"800\" height=\"450\" src=\"https:\/\/www.youtube.com\/embed\/CWfOoHVwdA4?feature=oembed\" frameborder=\"0\" allow=\"accelerometer; autoplay; clipboard-write; encrypted-media; gyroscope; picture-in-picture; web-share\" referrerpolicy=\"strict-origin-when-cross-origin\" allowfullscreen><\/iframe><\/p>\n<\/body>","protected":false},"excerpt":{"rendered":"<p>En Santo Domingo, la escasez del pl\u00e1tano ha obligado a los comerciantes a incrementar el precio de este producto en sus diferentes variedades. La situaci\u00f3n se atribuye a la temporada de verano, la alta exportaci\u00f3n, pero sobre todo a plagas como el Moko, que han afectado fuertemente los sembr\u00edos. Jes\u00fas Sol\u00f3rzano, comerciante ubicado en la [&hellip;]<\/p>\n","protected":false},"author":4,"featured_media":22449,"comment_status":"closed","ping_status":"closed","sticky":false,"template":"","format":"standard","meta":{"om_disable_all_campaigns":false,"_joinchat":[],"footnotes":""},"categories":[31],"tags":[],"class_list":["post-22448","post","type-post","status-publish","format-standard","has-post-thumbnail","hentry","category-la-region"],"_links":{"self":[{"href":"https:\/\/zaracaytv.com\/index.php?rest_route=\/wp\/v2\/posts\/22448","targetHints":{"allow":["GET"]}}],"collection":[{"href":"https:\/\/zaracaytv.com\/index.php?rest_route=\/wp\/v2\/posts"}],"about":[{"href":"https:\/\/zaracaytv.com\/index.php?rest_route=\/wp\/v2\/types\/post"}],"author":[{"embeddable":true,"href":"https:\/\/zaracaytv.com\/index.php?rest_route=\/wp\/v2\/users\/4"}],"replies":[{"embeddable":true,"href":"https:\/\/zaracaytv.com\/index.php?rest_route=%2Fwp%2Fv2%2Fcomments&post=22448"}],"version-history":[{"count":2,"href":"https:\/\/zaracaytv.com\/index.php?rest_route=\/wp\/v2\/posts\/22448\/revisions"}],"predecessor-version":[{"id":22452,"href":"https:\/\/zaracaytv.com\/index.php?rest_route=\/wp\/v2\/posts\/22448\/revisions\/22452"}],"wp:featuredmedia":[{"embeddable":true,"href":"https:\/\/zaracaytv.com\/index.php?rest_route=\/wp\/v2\/media\/22449"}],"wp:attachment":[{"href":"https:\/\/zaracaytv.com\/index.php?rest_route=%2Fwp%2Fv2%2Fmedia&parent=22448"}],"wp:term":[{"taxonomy":"category","embeddable":true,"href":"https:\/\/zaracaytv.com\/index.php?rest_route=%2Fwp%2Fv2%2Fcategories&post=22448"},{"taxonomy":"post_tag","embeddable":true,"href":"https:\/\/zaracaytv.com\/index.php?rest_route=%2Fwp%2Fv2%2Ftags&post=22448"}],"curies":[{"name":"wp","href":"https:\/\/api.w.org\/{rel}","templated":true}]}}