{"id":22445,"date":"2025-08-25T16:52:56","date_gmt":"2025-08-25T21:52:56","guid":{"rendered":"https:\/\/zaracaytv.com\/?p=22445"},"modified":"2025-08-25T16:52:56","modified_gmt":"2025-08-25T21:52:56","slug":"comerciantes-de-la-exescuela-caracas-son-reubicados-a-la-exminiterminal","status":"publish","type":"post","link":"https:\/\/zaracaytv.com\/?p=22445","title":{"rendered":"COMERCIANTES DE LA EXESCUELA CARACAS SON REUBICADOS A LA EXMINITERMINAL"},"content":{"rendered":"<body><p><\/p><span style=\"font-weight: 400;\"><img loading=\"lazy\" decoding=\"async\" class=\"size-medium wp-image-22446 alignleft\" src=\"https:\/\/zaracaytv.com\/wp-content\/uploads\/2025\/08\/ertw-300x193.png\" alt=\"\" width=\"300\" height=\"193\" loading=\"lazy\" srcset=\"https:\/\/zaracaytv.com\/wp-content\/uploads\/2025\/08\/ertw-300x193.png 300w, https:\/\/zaracaytv.com\/wp-content\/uploads\/2025\/08\/ertw-1024x659.png 1024w, https:\/\/zaracaytv.com\/wp-content\/uploads\/2025\/08\/ertw-768x495.png 768w, https:\/\/zaracaytv.com\/wp-content\/uploads\/2025\/08\/ertw-512x330.png 512w, https:\/\/zaracaytv.com\/wp-content\/uploads\/2025\/08\/ertw-270x174.png 270w, https:\/\/zaracaytv.com\/wp-content\/uploads\/2025\/08\/ertw.png 1407w\" sizes=\"auto, (max-width: 300px) 100vw, 300px\" \/>Desde tempranas horas de este lunes 25 de agosto, el Municipio de Santo Domingo inici\u00f3 el traslado de los comerciantes que ocupaban la exescuela Ciudad de Caracas hacia la exminiterminal. El proceso fue encabezado por el director de Mercados y Comercio, Antony Rivilla, y cont\u00f3 con la participaci\u00f3n de unos 40 trabajadores municipales que, con pulidoras y otras herramientas, comenzaron a desmontar las estructuras del lugar.<\/span>\n<p><span style=\"font-weight: 400;\">En esta primera fase se retiraron alrededor de 50 casetas del patio de comidas y luego se prev\u00e9 el desarme de otras 120 estructuras ubicadas en la parte alta. En este espacio, la Empresa P\u00fablica Municipal de Transporte tiene proyectada la construcci\u00f3n de un edificio para parqueaderos. La mayor\u00eda de comerciantes acept\u00f3 el traslado, aunque un grupo de 42 socios manifest\u00f3 su rechazo al proceso. Ellos aseguran que no se respetan sus derechos y anunciaron que no saldr\u00e1n del sitio.\u00a0<\/span><\/p>\n<p><span style=\"font-weight: 400;\">Los vendedores que s\u00ed se movilizaron esperan que se cumplan los ofrecimientos realizados por el Municipio, como la instalaci\u00f3n de servicios b\u00e1sicos en la exminiterminal.\u00a0<\/span><\/p>\n<p><span style=\"font-weight: 400;\">Seg\u00fan Rivilla, en ese espacio ya se ejecutan las adecuaciones necesarias. El director de los agentes de control municipal, Kl\u00e9ber Paladines, por su parte, inform\u00f3 que la zona permanecer\u00e1 con resguardo durante todo el proceso de traslado, con el objetivo de garantizar el orden y la seguridad.<\/span><\/p>\n<p><span style=\"font-weight: 400;\">Los comerciantes que se resisten a salir del sitio negaron las afirmaciones que aseguran que algunos de ellos ced\u00edan los locales a otras personas mediante arriendos. Sin embargo, Rivilla, expuso que tienen evidencias.<\/span><\/p>\n<p>\u00a0<\/p>\n<\/body>","protected":false},"excerpt":{"rendered":"<p>Desde tempranas horas de este lunes 25 de agosto, el Municipio de Santo Domingo inici\u00f3 el traslado de los comerciantes que ocupaban la exescuela Ciudad de Caracas hacia la exminiterminal. El proceso fue encabezado por el director de Mercados y Comercio, Antony Rivilla, y cont\u00f3 con la participaci\u00f3n de unos 40 trabajadores municipales que, con [&hellip;]<\/p>\n","protected":false},"author":4,"featured_media":22446,"comment_status":"closed","ping_status":"closed","sticky":false,"template":"","format":"standard","meta":{"om_disable_all_campaigns":false,"_joinchat":[],"footnotes":""},"categories":[31],"tags":[],"class_list":["post-22445","post","type-post","status-publish","format-standard","has-post-thumbnail","hentry","category-la-region"],"_links":{"self":[{"href":"https:\/\/zaracaytv.com\/index.php?rest_route=\/wp\/v2\/posts\/22445","targetHints":{"allow":["GET"]}}],"collection":[{"href":"https:\/\/zaracaytv.com\/index.php?rest_route=\/wp\/v2\/posts"}],"about":[{"href":"https:\/\/zaracaytv.com\/index.php?rest_route=\/wp\/v2\/types\/post"}],"author":[{"embeddable":true,"href":"https:\/\/zaracaytv.com\/index.php?rest_route=\/wp\/v2\/users\/4"}],"replies":[{"embeddable":true,"href":"https:\/\/zaracaytv.com\/index.php?rest_route=%2Fwp%2Fv2%2Fcomments&post=22445"}],"version-history":[{"count":1,"href":"https:\/\/zaracaytv.com\/index.php?rest_route=\/wp\/v2\/posts\/22445\/revisions"}],"predecessor-version":[{"id":22447,"href":"https:\/\/zaracaytv.com\/index.php?rest_route=\/wp\/v2\/posts\/22445\/revisions\/22447"}],"wp:featuredmedia":[{"embeddable":true,"href":"https:\/\/zaracaytv.com\/index.php?rest_route=\/wp\/v2\/media\/22446"}],"wp:attachment":[{"href":"https:\/\/zaracaytv.com\/index.php?rest_route=%2Fwp%2Fv2%2Fmedia&parent=22445"}],"wp:term":[{"taxonomy":"category","embeddable":true,"href":"https:\/\/zaracaytv.com\/index.php?rest_route=%2Fwp%2Fv2%2Fcategories&post=22445"},{"taxonomy":"post_tag","embeddable":true,"href":"https:\/\/zaracaytv.com\/index.php?rest_route=%2Fwp%2Fv2%2Ftags&post=22445"}],"curies":[{"name":"wp","href":"https:\/\/api.w.org\/{rel}","templated":true}]}}